{"id":23198,"date":"2023-12-08T08:47:07","date_gmt":"2023-12-08T11:47:07","guid":{"rendered":"https:\/\/tacuarembo.gub.uy\/?p=23198"},"modified":"2023-12-08T08:47:11","modified_gmt":"2023-12-08T11:47:11","slug":"muart-se-une-a-museos-en-la-noche","status":"publish","type":"post","link":"https:\/\/tacuarembo.gub.uy\/?p=23198","title":{"rendered":"MUART se une a Museos en la Noche"},"content":{"rendered":"\n<p>Este viernes 8 de diciembre, de 19 a 22 horas, el Museo de Artes Visuales de Tacuaremb\u00f3 ofrecer\u00e1 actividades art\u00edsticas, m\u00fasica, cantos y teatro en el marco de la Noche de los Museos.<\/p>\n\n\n\n<p>La 18.\u00aa edici\u00f3n de esta propuesta cultural contar\u00e1 con propuestas para disfrutar de una noche inolvidable. En Tacuaremb\u00f3 permanecer\u00e1n abiertos, de 19 a 22 horas, el Museo de Artes Visuales de Tacuaremb\u00f3, el Museo del Indio, el Museo del Gaucho, y el Museo de Geociencias.<\/p>\n\n\n\n<p>Adem\u00e1s, habr\u00e1 diferentes actividades en la Plaza 19 de Abril con la actuaci\u00f3n de artistas invitados, el Coro Departamental Carlos Gardel, una demostraci\u00f3n del grupo de danza de la Casa de la Cultura, y la performance \u201cLuz vs Oscuridad\u201d tambi\u00e9n de alumnos de la Casa de la Cultura.<\/p>\n\n\n\n<p>Por otra parte, se invita a artistas locales a plasmar sus obras en el MUART y sus alrededores.<\/p>\n\n\n\n<p>Pensada como una noche para toda la familia, la Noche de los Museos pone en valor el disfrute de estos espacios, sus exposiciones y acervo en un horario no habitual<\/p>\n\n\n<p><img loading=\"lazy\" decoding=\"async\" width=\"1131\" height=\"1600\" class=\"alignnone size-full wp-image-23200\" src=\"https:\/\/tacuarembo.gub.uy\/wp-content\/uploads\/WhatsApp-Image-2023-12-08-at-08.42.24.jpeg\" alt=\"\" srcset=\"https:\/\/tacuarembo.gub.uy\/wp-content\/uploads\/WhatsApp-Image-2023-12-08-at-08.42.24.jpeg 1131w, https:\/\/tacuarembo.gub.uy\/wp-content\/uploads\/WhatsApp-Image-2023-12-08-at-08.42.24-768x1086.jpeg 768w, https:\/\/tacuarembo.gub.uy\/wp-content\/uploads\/WhatsApp-Image-2023-12-08-at-08.42.24-1086x1536.jpeg 1086w\" sizes=\"auto, (max-width: 1131px) 100vw, 1131px\" \/><\/p>","protected":false},"excerpt":{"rendered":"<p>Este viernes 8 de diciembre, de 19 a 22 horas, el Museo de Artes Visuales de Tacuaremb\u00f3 ofrecer\u00e1 actividades art\u00edsticas, m\u00fasica, cantos y teatro en el marco de la Noche de los Museos.<\/p>\n","protected":false},"author":3,"featured_media":23199,"comment_status":"open","ping_status":"open","sticky":false,"template":"","format":"standard","meta":{"_eb_attr":"","footnotes":""},"categories":[18,16],"tags":[],"class_list":{"0":"post-23198","1":"post","2":"type-post","3":"status-publish","4":"format-standard","5":"has-post-thumbnail","7":"category-cultura","8":"category-noticias"},"_links":{"self":[{"href":"https:\/\/tacuarembo.gub.uy\/index.php?rest_route=\/wp\/v2\/posts\/23198","targetHints":{"allow":["GET"]}}],"collection":[{"href":"https:\/\/tacuarembo.gub.uy\/index.php?rest_route=\/wp\/v2\/posts"}],"about":[{"href":"https:\/\/tacuarembo.gub.uy\/index.php?rest_route=\/wp\/v2\/types\/post"}],"author":[{"embeddable":true,"href":"https:\/\/tacuarembo.gub.uy\/index.php?rest_route=\/wp\/v2\/users\/3"}],"replies":[{"embeddable":true,"href":"https:\/\/tacuarembo.gub.uy\/index.php?rest_route=%2Fwp%2Fv2%2Fcomments&post=23198"}],"version-history":[{"count":1,"href":"https:\/\/tacuarembo.gub.uy\/index.php?rest_route=\/wp\/v2\/posts\/23198\/revisions"}],"predecessor-version":[{"id":23201,"href":"https:\/\/tacuarembo.gub.uy\/index.php?rest_route=\/wp\/v2\/posts\/23198\/revisions\/23201"}],"wp:featuredmedia":[{"embeddable":true,"href":"https:\/\/tacuarembo.gub.uy\/index.php?rest_route=\/wp\/v2\/media\/23199"}],"wp:attachment":[{"href":"https:\/\/tacuarembo.gub.uy\/index.php?rest_route=%2Fwp%2Fv2%2Fmedia&parent=23198"}],"wp:term":[{"taxonomy":"category","embeddable":true,"href":"https:\/\/tacuarembo.gub.uy\/index.php?rest_route=%2Fwp%2Fv2%2Fcategories&post=23198"},{"taxonomy":"post_tag","embeddable":true,"href":"https:\/\/tacuarembo.gub.uy\/index.php?rest_route=%2Fwp%2Fv2%2Ftags&post=23198"}],"curies":[{"name":"wp","href":"https:\/\/api.w.org\/{rel}","templated":true}]}}