{"id":23021,"date":"2023-11-30T20:08:43","date_gmt":"2023-11-30T23:08:43","guid":{"rendered":"https:\/\/tacuarembo.gub.uy\/?p=23021"},"modified":"2023-11-30T20:08:46","modified_gmt":"2023-11-30T23:08:46","slug":"dia-de-las-personas-con-discapacidad-actividades-a-desarrollarse","status":"publish","type":"post","link":"https:\/\/tacuarembo.gub.uy\/?p=23021","title":{"rendered":"D\u00eda de las Personas con Discapacidad, actividades a desarrollarse"},"content":{"rendered":"\n<p>La Intendencia de Tacuaremb\u00f3, Dir.Gral. de Desarrollo Social, Oficina de la Discapacidad, informan que, con motivo de conmemorarse el pr\u00f3ximo 3 de diciembre el D\u00eda Internacional de las Personas con Discapacidad, se realizar\u00e1 una actividad en Parque Rod\u00f3 a partir de la hora 16:00, con el siguiente cronograma:<br>-16:00 horas, show de t\u00edteres a cargo de Fernando Lorezo.<br>-16:45 horas, canto de coro y bandone\u00f3n por parte de Adecita, (Asociaci\u00f3n de Ciegos de Tacuaremb\u00f3).<br>-17:30 horas, actuaci\u00f3n de \u201cLos Gemelos\u201d con m\u00fasica variada.<br>En intermedios de las actividades se invitar\u00e1 a participantes a relatar sus historias y convivencia con la discapacidad; se contar\u00e1 con muestras de distintas instituciones con trabajos realizados por sus alumnos.<\/p>\n","protected":false},"excerpt":{"rendered":"<p>La Intendencia de Tacuaremb\u00f3, Dir.Gral. de Desarrollo Social, Oficina de la Discapacidad, informan que, con motivo de conmemorarse el pr\u00f3ximo 3 de diciembre el D\u00eda Internacional de las Personas con Discapacidad, se realizar\u00e1 una actividad en Parque Rod\u00f3 a partir de la hora 16:00, con el siguiente cronograma<\/p>\n","protected":false},"author":3,"featured_media":23022,"comment_status":"open","ping_status":"open","sticky":false,"template":"","format":"standard","meta":{"_eb_attr":"","footnotes":""},"categories":[38],"tags":[],"class_list":{"0":"post-23021","1":"post","2":"type-post","3":"status-publish","4":"format-standard","5":"has-post-thumbnail","7":"category-comunicados-de-prensa"},"_links":{"self":[{"href":"https:\/\/tacuarembo.gub.uy\/index.php?rest_route=\/wp\/v2\/posts\/23021","targetHints":{"allow":["GET"]}}],"collection":[{"href":"https:\/\/tacuarembo.gub.uy\/index.php?rest_route=\/wp\/v2\/posts"}],"about":[{"href":"https:\/\/tacuarembo.gub.uy\/index.php?rest_route=\/wp\/v2\/types\/post"}],"author":[{"embeddable":true,"href":"https:\/\/tacuarembo.gub.uy\/index.php?rest_route=\/wp\/v2\/users\/3"}],"replies":[{"embeddable":true,"href":"https:\/\/tacuarembo.gub.uy\/index.php?rest_route=%2Fwp%2Fv2%2Fcomments&post=23021"}],"version-history":[{"count":1,"href":"https:\/\/tacuarembo.gub.uy\/index.php?rest_route=\/wp\/v2\/posts\/23021\/revisions"}],"predecessor-version":[{"id":23023,"href":"https:\/\/tacuarembo.gub.uy\/index.php?rest_route=\/wp\/v2\/posts\/23021\/revisions\/23023"}],"wp:featuredmedia":[{"embeddable":true,"href":"https:\/\/tacuarembo.gub.uy\/index.php?rest_route=\/wp\/v2\/media\/23022"}],"wp:attachment":[{"href":"https:\/\/tacuarembo.gub.uy\/index.php?rest_route=%2Fwp%2Fv2%2Fmedia&parent=23021"}],"wp:term":[{"taxonomy":"category","embeddable":true,"href":"https:\/\/tacuarembo.gub.uy\/index.php?rest_route=%2Fwp%2Fv2%2Fcategories&post=23021"},{"taxonomy":"post_tag","embeddable":true,"href":"https:\/\/tacuarembo.gub.uy\/index.php?rest_route=%2Fwp%2Fv2%2Ftags&post=23021"}],"curies":[{"name":"wp","href":"https:\/\/api.w.org\/{rel}","templated":true}]}}