{"id":23017,"date":"2023-11-30T12:41:28","date_gmt":"2023-11-30T15:41:28","guid":{"rendered":"https:\/\/tacuarembo.gub.uy\/?p=23017"},"modified":"2023-12-01T15:03:11","modified_gmt":"2023-12-01T18:03:11","slug":"dia-internacional-de-las-personas-con-discapacidad-en-tacuarembo","status":"publish","type":"post","link":"https:\/\/tacuarembo.gub.uy\/?p=23017","title":{"rendered":"D\u00eda internacional de las personas con discapacidad en Tacuaremb\u00f3"},"content":{"rendered":"\n<p>La Intendencia de Tacuaremb\u00f3 se une a la conmemoraci\u00f3n del D\u00eda Internacional de las Personas con Discapacidad, que se celebra cada 3 de diciembre, con un evento especial en el Parque Rod\u00f3.<\/p>\n\n\n\n<p>Este domingo 3 de diciembre, de 16 a 18 horas, la Oficina de Discapacidad de la Direcci\u00f3n General de Desarrollo Social organiza una jornada de sensibilizaci\u00f3n y confraternidad, abierta a personas con discapacidad, familiares, amigos y el p\u00fablico en general.<\/p>\n\n\n<p><img loading=\"lazy\" decoding=\"async\" width=\"1132\" height=\"770\" class=\"alignnone size-full wp-image-23018\" src=\"https:\/\/tacuarembo.gub.uy\/wp-content\/uploads\/WhatsApp-Image-2023-11-30-at-12.33.42.jpeg\" alt=\"\" srcset=\"https:\/\/tacuarembo.gub.uy\/wp-content\/uploads\/WhatsApp-Image-2023-11-30-at-12.33.42.jpeg 1132w, https:\/\/tacuarembo.gub.uy\/wp-content\/uploads\/WhatsApp-Image-2023-11-30-at-12.33.42-768x522.jpeg 768w\" sizes=\"auto, (max-width: 1132px) 100vw, 1132px\" \/><\/p>\n\n\n<p>El programa incluir\u00e1 espect\u00e1culos y animaci\u00f3n, con los t\u00edteres de \u00abFernando Lorenzo\u00bb, el bandone\u00f3n de \u00abRicardo Pereira\u00bb, la m\u00fasica de \u00abLos Gemelos\u00bb y la animaci\u00f3n de Wiston \u00abChucho\u00bb M\u00e9ndez.<\/p>\n\n\n\n<p>Ser\u00eda un espacio dedicado a la inclusi\u00f3n y la celebraci\u00f3n de la diversidad, buscado fomentar el entendimiento y la solidaridad entre la comunidad tacuaremboense.<\/p>\n\n\n<p><img loading=\"lazy\" decoding=\"async\" width=\"1080\" height=\"1080\" class=\"alignnone size-full wp-image-23030\" src=\"https:\/\/tacuarembo.gub.uy\/wp-content\/uploads\/WhatsApp-Image-2023-12-01-at-13.21.02.jpeg\" alt=\"\" srcset=\"https:\/\/tacuarembo.gub.uy\/wp-content\/uploads\/WhatsApp-Image-2023-12-01-at-13.21.02.jpeg 1080w, https:\/\/tacuarembo.gub.uy\/wp-content\/uploads\/WhatsApp-Image-2023-12-01-at-13.21.02-768x768.jpeg 768w\" sizes=\"auto, (max-width: 1080px) 100vw, 1080px\" \/> <img loading=\"lazy\" decoding=\"async\" width=\"1080\" height=\"1080\" class=\"alignnone size-full wp-image-23031\" src=\"https:\/\/tacuarembo.gub.uy\/wp-content\/uploads\/WhatsApp-Image-2023-12-01-at-13.21.012.jpeg\" alt=\"\" srcset=\"https:\/\/tacuarembo.gub.uy\/wp-content\/uploads\/WhatsApp-Image-2023-12-01-at-13.21.012.jpeg 1080w, https:\/\/tacuarembo.gub.uy\/wp-content\/uploads\/WhatsApp-Image-2023-12-01-at-13.21.012-768x768.jpeg 768w\" sizes=\"auto, (max-width: 1080px) 100vw, 1080px\" \/> <img loading=\"lazy\" decoding=\"async\" width=\"1080\" height=\"1080\" class=\"alignnone size-full wp-image-23032\" src=\"https:\/\/tacuarembo.gub.uy\/wp-content\/uploads\/WhatsApp-Image-2023-12-01-at-13.21.011.jpeg\" alt=\"\" srcset=\"https:\/\/tacuarembo.gub.uy\/wp-content\/uploads\/WhatsApp-Image-2023-12-01-at-13.21.011.jpeg 1080w, https:\/\/tacuarembo.gub.uy\/wp-content\/uploads\/WhatsApp-Image-2023-12-01-at-13.21.011-768x768.jpeg 768w\" sizes=\"auto, (max-width: 1080px) 100vw, 1080px\" \/> <img loading=\"lazy\" decoding=\"async\" width=\"1600\" height=\"533\" class=\"alignnone size-full wp-image-23033\" src=\"https:\/\/tacuarembo.gub.uy\/wp-content\/uploads\/WhatsApp-Image-2023-12-01-at-13.21.01.jpeg\" alt=\"\" srcset=\"https:\/\/tacuarembo.gub.uy\/wp-content\/uploads\/WhatsApp-Image-2023-12-01-at-13.21.01.jpeg 1600w, https:\/\/tacuarembo.gub.uy\/wp-content\/uploads\/WhatsApp-Image-2023-12-01-at-13.21.01-768x256.jpeg 768w, https:\/\/tacuarembo.gub.uy\/wp-content\/uploads\/WhatsApp-Image-2023-12-01-at-13.21.01-1536x512.jpeg 1536w\" sizes=\"auto, (max-width: 1600px) 100vw, 1600px\" \/><\/p>","protected":false},"excerpt":{"rendered":"<p>La Intendencia de Tacuaremb\u00f3 se une a la conmemoraci\u00f3n del D\u00eda Internacional de las Personas con Discapacidad, que se celebra cada 3 de diciembre, con un evento especial en el Parque Rod\u00f3<\/p>\n","protected":false},"author":3,"featured_media":23018,"comment_status":"open","ping_status":"open","sticky":false,"template":"","format":"standard","meta":{"_eb_attr":"","footnotes":""},"categories":[16],"tags":[],"class_list":{"0":"post-23017","1":"post","2":"type-post","3":"status-publish","4":"format-standard","5":"has-post-thumbnail","7":"category-noticias"},"_links":{"self":[{"href":"https:\/\/tacuarembo.gub.uy\/index.php?rest_route=\/wp\/v2\/posts\/23017","targetHints":{"allow":["GET"]}}],"collection":[{"href":"https:\/\/tacuarembo.gub.uy\/index.php?rest_route=\/wp\/v2\/posts"}],"about":[{"href":"https:\/\/tacuarembo.gub.uy\/index.php?rest_route=\/wp\/v2\/types\/post"}],"author":[{"embeddable":true,"href":"https:\/\/tacuarembo.gub.uy\/index.php?rest_route=\/wp\/v2\/users\/3"}],"replies":[{"embeddable":true,"href":"https:\/\/tacuarembo.gub.uy\/index.php?rest_route=%2Fwp%2Fv2%2Fcomments&post=23017"}],"version-history":[{"count":2,"href":"https:\/\/tacuarembo.gub.uy\/index.php?rest_route=\/wp\/v2\/posts\/23017\/revisions"}],"predecessor-version":[{"id":23034,"href":"https:\/\/tacuarembo.gub.uy\/index.php?rest_route=\/wp\/v2\/posts\/23017\/revisions\/23034"}],"wp:featuredmedia":[{"embeddable":true,"href":"https:\/\/tacuarembo.gub.uy\/index.php?rest_route=\/wp\/v2\/media\/23018"}],"wp:attachment":[{"href":"https:\/\/tacuarembo.gub.uy\/index.php?rest_route=%2Fwp%2Fv2%2Fmedia&parent=23017"}],"wp:term":[{"taxonomy":"category","embeddable":true,"href":"https:\/\/tacuarembo.gub.uy\/index.php?rest_route=%2Fwp%2Fv2%2Fcategories&post=23017"},{"taxonomy":"post_tag","embeddable":true,"href":"https:\/\/tacuarembo.gub.uy\/index.php?rest_route=%2Fwp%2Fv2%2Ftags&post=23017"}],"curies":[{"name":"wp","href":"https:\/\/api.w.org\/{rel}","templated":true}]}}