{"id":23012,"date":"2023-11-30T07:34:06","date_gmt":"2023-11-30T10:34:06","guid":{"rendered":"https:\/\/tacuarembo.gub.uy\/?p=23012"},"modified":"2023-11-30T07:34:43","modified_gmt":"2023-11-30T10:34:43","slug":"comienza-el-festival-de-tacuarembo-veni-a-cantarle-a-gardel","status":"publish","type":"post","link":"https:\/\/tacuarembo.gub.uy\/?p=23012","title":{"rendered":"Comienza el Festival de Tacuaremb\u00f3 \u00abVen\u00ed a cantarle a Gardel\u201d"},"content":{"rendered":"\n<p>La Intendencia de Tacuaremb\u00f3 invita a acompa\u00f1ar la 25\u00aa edici\u00f3n del Certamen Nacional de la<br>Canci\u00f3n y de los nuevos talentos \u00abVen\u00ed a cantarle a Gardel\u00bb, que se realizar\u00e1 en el Club<br>Democr\u00e1tico.<\/p>\n\n\n<p><img loading=\"lazy\" decoding=\"async\" width=\"1024\" height=\"796\" class=\"alignnone size-full wp-image-23013\" src=\"https:\/\/tacuarembo.gub.uy\/wp-content\/uploads\/IMG-20231129-WA0051.jpg\" alt=\"\" srcset=\"https:\/\/tacuarembo.gub.uy\/wp-content\/uploads\/IMG-20231129-WA0051.jpg 1024w, https:\/\/tacuarembo.gub.uy\/wp-content\/uploads\/IMG-20231129-WA0051-768x597.jpg 768w\" sizes=\"auto, (max-width: 1024px) 100vw, 1024px\" \/><\/p>\n\n\n<p>El cl\u00e1sico festival, organizado por la Direcci\u00f3n General de Educaci\u00f3n y Cultura, con el apoyo de la Fundaci\u00f3n Carlos Gardel y el respaldo del Ministerio de Educaci\u00f3n y Cultura, comenzar\u00e1 este jueves 30 de noviembre y proseguir\u00e1 el viernes 1\u00ba y el s\u00e1bado 2 de diciembre.<\/p>\n\n\n\n<p>Se aclara a la poblaci\u00f3n que durante las primeras dos jornadas las actuaciones comenzar\u00e1n a las 20 horas, mientras que las finales del d\u00eda s\u00e1bado 2 est\u00e1n previstas a partir de las 21.<\/p>\n\n\n\n<p>El objetivo del certamen es motivar la participaci\u00f3n y propiciar la creatividad en los artistas, homenajeando a la figura de Carlos Gardel mediante la actuaci\u00f3n de int\u00e9rpretes emergentes de los principales g\u00e9neros, con su canto, m\u00fasica o creatividad.<\/p>\n\n\n\n<p>Adem\u00e1s, se busca promover la creaci\u00f3n de cultura y valores a trav\u00e9s de la divulgaci\u00f3n y apoyo a las creaciones musicales, el reconocimiento a las interpretaciones de autores nacionales e internacionales, adem\u00e1s de desarrollar espacios para la expresi\u00f3n art\u00edstica donde se promueva y muestre la originalidad de cada participante y contribuir con el artista mediante la difusi\u00f3n de su talento.<\/p>\n","protected":false},"excerpt":{"rendered":"<p>La Intendencia de Tacuaremb\u00f3 invita a acompa\u00f1ar la 25\u00aa edici\u00f3n del Certamen Nacional de la<br \/>\nCanci\u00f3n y de los nuevos talentos \u00abVen\u00ed a cantarle a Gardel\u00bb, que se realizar\u00e1 en el Club<br \/>\nDemocr\u00e1tico.<\/p>\n","protected":false},"author":3,"featured_media":23013,"comment_status":"open","ping_status":"open","sticky":false,"template":"","format":"standard","meta":{"_eb_attr":"","footnotes":""},"categories":[18,16],"tags":[],"class_list":{"0":"post-23012","1":"post","2":"type-post","3":"status-publish","4":"format-standard","5":"has-post-thumbnail","7":"category-cultura","8":"category-noticias"},"_links":{"self":[{"href":"https:\/\/tacuarembo.gub.uy\/index.php?rest_route=\/wp\/v2\/posts\/23012","targetHints":{"allow":["GET"]}}],"collection":[{"href":"https:\/\/tacuarembo.gub.uy\/index.php?rest_route=\/wp\/v2\/posts"}],"about":[{"href":"https:\/\/tacuarembo.gub.uy\/index.php?rest_route=\/wp\/v2\/types\/post"}],"author":[{"embeddable":true,"href":"https:\/\/tacuarembo.gub.uy\/index.php?rest_route=\/wp\/v2\/users\/3"}],"replies":[{"embeddable":true,"href":"https:\/\/tacuarembo.gub.uy\/index.php?rest_route=%2Fwp%2Fv2%2Fcomments&post=23012"}],"version-history":[{"count":2,"href":"https:\/\/tacuarembo.gub.uy\/index.php?rest_route=\/wp\/v2\/posts\/23012\/revisions"}],"predecessor-version":[{"id":23016,"href":"https:\/\/tacuarembo.gub.uy\/index.php?rest_route=\/wp\/v2\/posts\/23012\/revisions\/23016"}],"wp:featuredmedia":[{"embeddable":true,"href":"https:\/\/tacuarembo.gub.uy\/index.php?rest_route=\/wp\/v2\/media\/23013"}],"wp:attachment":[{"href":"https:\/\/tacuarembo.gub.uy\/index.php?rest_route=%2Fwp%2Fv2%2Fmedia&parent=23012"}],"wp:term":[{"taxonomy":"category","embeddable":true,"href":"https:\/\/tacuarembo.gub.uy\/index.php?rest_route=%2Fwp%2Fv2%2Fcategories&post=23012"},{"taxonomy":"post_tag","embeddable":true,"href":"https:\/\/tacuarembo.gub.uy\/index.php?rest_route=%2Fwp%2Fv2%2Ftags&post=23012"}],"curies":[{"name":"wp","href":"https:\/\/api.w.org\/{rel}","templated":true}]}}