{"id":22997,"date":"2023-11-28T15:35:15","date_gmt":"2023-11-28T18:35:15","guid":{"rendered":"https:\/\/tacuarembo.gub.uy\/?p=22997"},"modified":"2023-11-28T17:01:03","modified_gmt":"2023-11-28T20:01:03","slug":"tacuarembo-incorporo-tres-omnibus-electricos-y-se-destaca-en-materia-de-movilidad","status":"publish","type":"post","link":"https:\/\/tacuarembo.gub.uy\/?p=22997","title":{"rendered":"Tacuaremb\u00f3 incorpor\u00f3 tres omnibus el\u00e9ctricos y se destaca en materia de movilidad"},"content":{"rendered":"\n<p><\/p>\n\n\n\n<p>El Ministerio de Industria, Energ\u00eda y Miner\u00eda (MIEM), a trav\u00e9s de la Direcci\u00f3n Nacional de Energ\u00eda (DNE), entreg\u00f3 su primer \u00f3mnibus 100% el\u00e9ctrico a las intendencias de Tacuaremb\u00f3, Maldonado, Salto, y Flores, como parte del programa Subite Buses.<\/p>\n\n\n\n<p>El acto de entrega, que se realiz\u00f3 este martes 28 de noviembre en la Plaza Independencia, cont\u00f3 con la presencia del Intendente Wilson Ezquerra, quien recibi\u00f3 con alegr\u00eda las unidades.<\/p>\n\n\n\n<p>La adquisici\u00f3n de las unidades se hizo a trav\u00e9s de un llamado realizado por la Direcci\u00f3n de Energ\u00eda para participar en el programa \u00abSubite Buses\u00bb, el mismo consist\u00edo en la entrega de un proyecto para obtener un subsidio econ\u00f3mico destinado a la adquisici\u00f3n de un \u00f3mnibus 100% el\u00e9ctrico.<\/p>\n\n\n<p><img loading=\"lazy\" decoding=\"async\" width=\"2048\" height=\"1283\" class=\"alignnone size-full wp-image-22998\" src=\"https:\/\/tacuarembo.gub.uy\/wp-content\/uploads\/WhatsApp-Image-2023-11-28-at-15.31.51.jpeg\" alt=\"\" srcset=\"https:\/\/tacuarembo.gub.uy\/wp-content\/uploads\/WhatsApp-Image-2023-11-28-at-15.31.51.jpeg 2048w, https:\/\/tacuarembo.gub.uy\/wp-content\/uploads\/WhatsApp-Image-2023-11-28-at-15.31.51-768x481.jpeg 768w, https:\/\/tacuarembo.gub.uy\/wp-content\/uploads\/WhatsApp-Image-2023-11-28-at-15.31.51-1536x962.jpeg 1536w\" sizes=\"auto, (max-width: 2048px) 100vw, 2048px\" \/><\/p>\n\n\n<p>Como resultado, la Intendencia de Tacuaremb\u00f3 obtuvo el puntaje m\u00e1s alto y qued\u00f3 primera en el orden de prelaci\u00f3n, entre todas las intendencias participantes.<\/p>\n\n\n\n<p>Se adquirieron dos unidades a trav\u00e9s de \u00e9ste primer llamado, las cuales son accesibles y con aire acondicionado, entre otras tecnolog\u00edas. Posteriormente, se abri\u00f3 un segundo llamado del mismo programa, d\u00f3nde se logr\u00f3 adquirir otra unidad con las mismas condiciones y caracter\u00edsticas que llegar\u00e1 en aproximadamente dos meses.<\/p>\n\n\n\n<p>De esta manera, el Servicio de Transporte Urbano logra la incorporaci\u00f3n de nuevas unidades 100% el\u00e9ctricas, siendo el gobierno departamental de Tacuaremb\u00f3 el que mayor inversi\u00f3n realiz\u00f3 a trav\u00e9s del programa para sumarse en \u00e9sta nueva modalidad de movilidad el\u00e9ctrica y colaborar con la descarbonizaci\u00f3n en el transporte y el cuidado del ambiente<\/p>\n\n\n\n<p><\/p>\n\n\n\n\t\t<style type=\"text\/css\">\n\t\t\t#gallery-1 {\n\t\t\t\tmargin: auto;\n\t\t\t}\n\t\t\t#gallery-1 .gallery-item {\n\t\t\t\tfloat: left;\n\t\t\t\tmargin-top: 10px;\n\t\t\t\ttext-align: center;\n\t\t\t\twidth: 33%;\n\t\t\t}\n\t\t\t#gallery-1 img {\n\t\t\t\tborder: 2px solid #cfcfcf;\n\t\t\t}\n\t\t\t#gallery-1 .gallery-caption {\n\t\t\t\tmargin-left: 0;\n\t\t\t}\n\t\t\t\/* see gallery_shortcode() in wp-includes\/media.php *\/\n\t\t<\/style>\n\t\t<div id='gallery-1' class='gallery galleryid-22997 gallery-columns-3 gallery-size-full'><dl class='gallery-item'>\n\t\t\t<dt class='gallery-icon landscape'>\n\t\t\t\t<a href='https:\/\/tacuarembo.gub.uy\/?attachment_id=23002'><img loading=\"lazy\" decoding=\"async\" width=\"1200\" height=\"946\" src=\"https:\/\/tacuarembo.gub.uy\/wp-content\/uploads\/WhatsApp-Image-2023-11-28-at-15.35.352.jpeg\" class=\"attachment-full size-full\" alt=\"\" srcset=\"https:\/\/tacuarembo.gub.uy\/wp-content\/uploads\/WhatsApp-Image-2023-11-28-at-15.35.352.jpeg 1200w, https:\/\/tacuarembo.gub.uy\/wp-content\/uploads\/WhatsApp-Image-2023-11-28-at-15.35.352-768x605.jpeg 768w\" sizes=\"auto, (max-width: 1200px) 100vw, 1200px\" \/><\/a>\n\t\t\t<\/dt><\/dl><dl class='gallery-item'>\n\t\t\t<dt class='gallery-icon landscape'>\n\t\t\t\t<a href='https:\/\/tacuarembo.gub.uy\/?attachment_id=23003'><img loading=\"lazy\" decoding=\"async\" width=\"1200\" height=\"803\" src=\"https:\/\/tacuarembo.gub.uy\/wp-content\/uploads\/WhatsApp-Image-2023-11-28-at-15.35.351.jpeg\" class=\"attachment-full size-full\" alt=\"\" srcset=\"https:\/\/tacuarembo.gub.uy\/wp-content\/uploads\/WhatsApp-Image-2023-11-28-at-15.35.351.jpeg 1200w, https:\/\/tacuarembo.gub.uy\/wp-content\/uploads\/WhatsApp-Image-2023-11-28-at-15.35.351-768x514.jpeg 768w\" sizes=\"auto, (max-width: 1200px) 100vw, 1200px\" \/><\/a>\n\t\t\t<\/dt><\/dl><dl class='gallery-item'>\n\t\t\t<dt class='gallery-icon landscape'>\n\t\t\t\t<a href='https:\/\/tacuarembo.gub.uy\/?attachment_id=23004'><img loading=\"lazy\" decoding=\"async\" width=\"1200\" height=\"845\" src=\"https:\/\/tacuarembo.gub.uy\/wp-content\/uploads\/WhatsApp-Image-2023-11-28-at-15.35.35.jpeg\" class=\"attachment-full size-full\" alt=\"\" srcset=\"https:\/\/tacuarembo.gub.uy\/wp-content\/uploads\/WhatsApp-Image-2023-11-28-at-15.35.35.jpeg 1200w, https:\/\/tacuarembo.gub.uy\/wp-content\/uploads\/WhatsApp-Image-2023-11-28-at-15.35.35-200x140.jpeg 200w, https:\/\/tacuarembo.gub.uy\/wp-content\/uploads\/WhatsApp-Image-2023-11-28-at-15.35.35-768x541.jpeg 768w\" sizes=\"auto, (max-width: 1200px) 100vw, 1200px\" \/><\/a>\n\t\t\t<\/dt><\/dl><br style=\"clear: both\" \/><dl class='gallery-item'>\n\t\t\t<dt class='gallery-icon landscape'>\n\t\t\t\t<a href='https:\/\/tacuarembo.gub.uy\/?attachment_id=23006'><img loading=\"lazy\" decoding=\"async\" width=\"1200\" height=\"853\" src=\"https:\/\/tacuarembo.gub.uy\/wp-content\/uploads\/WhatsApp-Image-2023-11-28-at-15.35.34.jpeg\" class=\"attachment-full size-full\" alt=\"\" srcset=\"https:\/\/tacuarembo.gub.uy\/wp-content\/uploads\/WhatsApp-Image-2023-11-28-at-15.35.34.jpeg 1200w, https:\/\/tacuarembo.gub.uy\/wp-content\/uploads\/WhatsApp-Image-2023-11-28-at-15.35.34-768x546.jpeg 768w\" sizes=\"auto, (max-width: 1200px) 100vw, 1200px\" \/><\/a>\n\t\t\t<\/dt><\/dl><dl class='gallery-item'>\n\t\t\t<dt class='gallery-icon landscape'>\n\t\t\t\t<a href='https:\/\/tacuarembo.gub.uy\/?attachment_id=23007'><img loading=\"lazy\" decoding=\"async\" width=\"1200\" height=\"858\" src=\"https:\/\/tacuarembo.gub.uy\/wp-content\/uploads\/WhatsApp-Image-2023-11-28-at-15.35.33.jpeg\" class=\"attachment-full size-full\" alt=\"\" srcset=\"https:\/\/tacuarembo.gub.uy\/wp-content\/uploads\/WhatsApp-Image-2023-11-28-at-15.35.33.jpeg 1200w, https:\/\/tacuarembo.gub.uy\/wp-content\/uploads\/WhatsApp-Image-2023-11-28-at-15.35.33-768x549.jpeg 768w\" sizes=\"auto, (max-width: 1200px) 100vw, 1200px\" \/><\/a>\n\t\t\t<\/dt><\/dl><dl class='gallery-item'>\n\t\t\t<dt class='gallery-icon landscape'>\n\t\t\t\t<a href='https:\/\/tacuarembo.gub.uy\/?attachment_id=23008'><img loading=\"lazy\" decoding=\"async\" width=\"1200\" height=\"828\" src=\"https:\/\/tacuarembo.gub.uy\/wp-content\/uploads\/WhatsApp-Image-2023-11-28-at-15.34.42-1.jpeg\" class=\"attachment-full size-full\" alt=\"\" srcset=\"https:\/\/tacuarembo.gub.uy\/wp-content\/uploads\/WhatsApp-Image-2023-11-28-at-15.34.42-1.jpeg 1200w, https:\/\/tacuarembo.gub.uy\/wp-content\/uploads\/WhatsApp-Image-2023-11-28-at-15.34.42-1-768x530.jpeg 768w\" sizes=\"auto, (max-width: 1200px) 100vw, 1200px\" \/><\/a>\n\t\t\t<\/dt><\/dl><br style=\"clear: both\" \/><dl class='gallery-item'>\n\t\t\t<dt class='gallery-icon landscape'>\n\t\t\t\t<a href='https:\/\/tacuarembo.gub.uy\/?attachment_id=23010'><img loading=\"lazy\" decoding=\"async\" width=\"918\" height=\"527\" src=\"https:\/\/tacuarembo.gub.uy\/wp-content\/uploads\/WhatsApp-Image-2023-11-28-at-16.52.10.jpeg\" class=\"attachment-full size-full\" alt=\"\" srcset=\"https:\/\/tacuarembo.gub.uy\/wp-content\/uploads\/WhatsApp-Image-2023-11-28-at-16.52.10.jpeg 918w, https:\/\/tacuarembo.gub.uy\/wp-content\/uploads\/WhatsApp-Image-2023-11-28-at-16.52.10-768x441.jpeg 768w\" sizes=\"auto, (max-width: 918px) 100vw, 918px\" \/><\/a>\n\t\t\t<\/dt><\/dl>\n\t\t\t<br style='clear: both' \/>\n\t\t<\/div>\n","protected":false},"excerpt":{"rendered":"<p>El Ministerio de Industria, Energ\u00eda y Miner\u00eda (MIEM), a trav\u00e9s de la Direcci\u00f3n Nacional de Energ\u00eda (DNE), entreg\u00f3 su primer \u00f3mnibus 100% el\u00e9ctrico a las intendencias de Tacuaremb\u00f3, Maldonado, Salto, y Flores, como parte del programa Subite Buses<\/p>\n","protected":false},"author":3,"featured_media":23001,"comment_status":"open","ping_status":"open","sticky":false,"template":"","format":"standard","meta":{"_eb_attr":"","footnotes":""},"categories":[16],"tags":[],"class_list":{"0":"post-22997","1":"post","2":"type-post","3":"status-publish","4":"format-standard","5":"has-post-thumbnail","7":"category-noticias"},"_links":{"self":[{"href":"https:\/\/tacuarembo.gub.uy\/index.php?rest_route=\/wp\/v2\/posts\/22997","targetHints":{"allow":["GET"]}}],"collection":[{"href":"https:\/\/tacuarembo.gub.uy\/index.php?rest_route=\/wp\/v2\/posts"}],"about":[{"href":"https:\/\/tacuarembo.gub.uy\/index.php?rest_route=\/wp\/v2\/types\/post"}],"author":[{"embeddable":true,"href":"https:\/\/tacuarembo.gub.uy\/index.php?rest_route=\/wp\/v2\/users\/3"}],"replies":[{"embeddable":true,"href":"https:\/\/tacuarembo.gub.uy\/index.php?rest_route=%2Fwp%2Fv2%2Fcomments&post=22997"}],"version-history":[{"count":4,"href":"https:\/\/tacuarembo.gub.uy\/index.php?rest_route=\/wp\/v2\/posts\/22997\/revisions"}],"predecessor-version":[{"id":23011,"href":"https:\/\/tacuarembo.gub.uy\/index.php?rest_route=\/wp\/v2\/posts\/22997\/revisions\/23011"}],"wp:featuredmedia":[{"embeddable":true,"href":"https:\/\/tacuarembo.gub.uy\/index.php?rest_route=\/wp\/v2\/media\/23001"}],"wp:attachment":[{"href":"https:\/\/tacuarembo.gub.uy\/index.php?rest_route=%2Fwp%2Fv2%2Fmedia&parent=22997"}],"wp:term":[{"taxonomy":"category","embeddable":true,"href":"https:\/\/tacuarembo.gub.uy\/index.php?rest_route=%2Fwp%2Fv2%2Fcategories&post=22997"},{"taxonomy":"post_tag","embeddable":true,"href":"https:\/\/tacuarembo.gub.uy\/index.php?rest_route=%2Fwp%2Fv2%2Ftags&post=22997"}],"curies":[{"name":"wp","href":"https:\/\/api.w.org\/{rel}","templated":true}]}}