{"id":22993,"date":"2023-11-28T14:14:46","date_gmt":"2023-11-28T17:14:46","guid":{"rendered":"https:\/\/tacuarembo.gub.uy\/?p=22993"},"modified":"2023-11-28T14:14:50","modified_gmt":"2023-11-28T17:14:50","slug":"fiesta-de-la-integracion-en-tambores-presento-su-programacion-y-cerrara-con-la-actuacion-de-lucas-sugo","status":"publish","type":"post","link":"https:\/\/tacuarembo.gub.uy\/?p=22993","title":{"rendered":"Fiesta de la Integraci\u00f3n en Tambores present\u00f3 su programaci\u00f3n y cerrar\u00e1 con la actuaci\u00f3n de Lucas Sugo"},"content":{"rendered":"\n<p>En Sala de Sesiones de la Intendencia de Tacuaremb\u00f3 se realiz\u00f3 el lanzamiento de la Fiesta de la Integraci\u00f3n en Tambores que se desarrollar\u00e1 desde el jueves 30 de noviembre y hasta el domingo 3 de diciembre, con entrada libre, en el Complejo Municipal.<\/p>\n\n\n\n<p>La conferencia de presencia cont\u00f3 con la presencia del secretario general de la IDT, Jos\u00e9 Omar Men\u00e9ndez, el director de Turismo, Marcelo Crespi, el alcalde de Tambores Ricardo Soares de Lima, la directora de la Oficina de Desarrollo y Gesti\u00f3n de la IDT en Tambores, Ledia San Crist\u00f3bal, y los integrantes del grupo organizador, Carlos Sosa y Yudit Pereira.<\/p>\n\n\n\n<p>En ese marco, Men\u00e9ndez asegur\u00f3 que \u201ces una fiesta para la regi\u00f3n y un gusto hacer el lanzamiento de esta nueva edici\u00f3n de la Fiesta de la Integraci\u00f3n de Tambores que este a\u00f1o cumple 25 a\u00f1os\u201d.<\/p>\n\n\n\n<p>El alcalde de Tambores, Ricardo Soares de Lima, indic\u00f3 que el Municipio de Tambores lleva varios a\u00f1os apoyando al grupo organizador y, este a\u00f1o en particular, se destinaron m\u00e1s recursos para fortalecer los festejos\u201d.<\/p>\n\n\n\n<p>En tanto, la encargada de la Oficina de Desarrollo y Gesti\u00f3n de Tambores, Ledia San Crist\u00f3bal, hizo hincapi\u00e9 en que habr\u00e1 diferentes propuestas y espect\u00e1culos para toda la familia y con entrada gratuita.<\/p>\n\n\n\n<p>El encargado de la Fiesta de la integraci\u00f3n en Tambores, Carlos Sosa, remarc\u00f3 el fortalecimiento de la grilla y dio detalles sobre la misma:<\/p>\n\n\n\n<p><strong>Jueves 30 de noviembre<\/strong><\/p>\n\n\n\n<p>-Banda Municipal de Paysand\u00fa<br>-Acto protocolar<br>-Muestra artesanal e institucional<br>-Grupo de Danzas \u00abPan de Vida\u00bb<br>-Ballet Folcl\u00f3rico Fronteritas<br>-Puro Chamuyo<br>-Grupo Tarum\u00e1n<\/p>\n\n\n\n<p><strong>Viernes 1\u00ba de diciembre<\/strong><\/p>\n\n\n\n<p>-Actividades de los centros de ense\u00f1anza.<br>-Escuela de danzas Lalo Perezutti<br>-Sinf\u00f3nica de Tambores<br>-Nico Conca<\/p>\n\n\n\n<p><strong>S\u00e1bado 2 de diciembre<\/strong><\/p>\n\n\n\n<p>-Danzas de la Parroquia de Tambores<br>-Grupo de Danzas de UNI TRES &#8211; Tb\u00f3<br>-Wanco \/ 40 a\u00f1os<br>-Pilar Apesetche \/ \u00abLa flor de la Higuera\u00bb<br>-Juancho Rodman y su banda<br>-Grupo Sue\u00f1os<\/p>\n\n\n\n<p><strong>Domingo 3 de diciembre<\/strong><\/p>\n\n\n\n<p>-Catherine Vergnes<br>-Lucas Sugo<\/p>\n\n\n<p><img loading=\"lazy\" decoding=\"async\" width=\"1170\" height=\"1181\" class=\"alignnone size-full wp-image-22995\" src=\"https:\/\/tacuarembo.gub.uy\/wp-content\/uploads\/WhatsApp-Image-2023-11-28-at-14.12.06.jpeg\" alt=\"\" srcset=\"https:\/\/tacuarembo.gub.uy\/wp-content\/uploads\/WhatsApp-Image-2023-11-28-at-14.12.06.jpeg 1170w, https:\/\/tacuarembo.gub.uy\/wp-content\/uploads\/WhatsApp-Image-2023-11-28-at-14.12.06-768x775.jpeg 768w\" sizes=\"auto, (max-width: 1170px) 100vw, 1170px\" \/><\/p>","protected":false},"excerpt":{"rendered":"<p>En Sala de Sesiones de la Intendencia de Tacuaremb\u00f3 se realiz\u00f3 el lanzamiento de la Fiesta de la Integraci\u00f3n en Tambores que se desarrollar\u00e1 desde el jueves 30 de noviembre y hasta el domingo 3 de diciembre, con entrada libre, en el Complejo Municipal<\/p>\n","protected":false},"author":3,"featured_media":22994,"comment_status":"open","ping_status":"open","sticky":false,"template":"","format":"standard","meta":{"_eb_attr":"","footnotes":""},"categories":[16],"tags":[],"class_list":{"0":"post-22993","1":"post","2":"type-post","3":"status-publish","4":"format-standard","5":"has-post-thumbnail","7":"category-noticias"},"_links":{"self":[{"href":"https:\/\/tacuarembo.gub.uy\/index.php?rest_route=\/wp\/v2\/posts\/22993","targetHints":{"allow":["GET"]}}],"collection":[{"href":"https:\/\/tacuarembo.gub.uy\/index.php?rest_route=\/wp\/v2\/posts"}],"about":[{"href":"https:\/\/tacuarembo.gub.uy\/index.php?rest_route=\/wp\/v2\/types\/post"}],"author":[{"embeddable":true,"href":"https:\/\/tacuarembo.gub.uy\/index.php?rest_route=\/wp\/v2\/users\/3"}],"replies":[{"embeddable":true,"href":"https:\/\/tacuarembo.gub.uy\/index.php?rest_route=%2Fwp%2Fv2%2Fcomments&post=22993"}],"version-history":[{"count":1,"href":"https:\/\/tacuarembo.gub.uy\/index.php?rest_route=\/wp\/v2\/posts\/22993\/revisions"}],"predecessor-version":[{"id":22996,"href":"https:\/\/tacuarembo.gub.uy\/index.php?rest_route=\/wp\/v2\/posts\/22993\/revisions\/22996"}],"wp:featuredmedia":[{"embeddable":true,"href":"https:\/\/tacuarembo.gub.uy\/index.php?rest_route=\/wp\/v2\/media\/22994"}],"wp:attachment":[{"href":"https:\/\/tacuarembo.gub.uy\/index.php?rest_route=%2Fwp%2Fv2%2Fmedia&parent=22993"}],"wp:term":[{"taxonomy":"category","embeddable":true,"href":"https:\/\/tacuarembo.gub.uy\/index.php?rest_route=%2Fwp%2Fv2%2Fcategories&post=22993"},{"taxonomy":"post_tag","embeddable":true,"href":"https:\/\/tacuarembo.gub.uy\/index.php?rest_route=%2Fwp%2Fv2%2Ftags&post=22993"}],"curies":[{"name":"wp","href":"https:\/\/api.w.org\/{rel}","templated":true}]}}