{"id":22991,"date":"2023-11-28T13:45:58","date_gmt":"2023-11-28T16:45:58","guid":{"rendered":"https:\/\/tacuarembo.gub.uy\/?p=22991"},"modified":"2023-11-28T13:46:01","modified_gmt":"2023-11-28T16:46:01","slug":"intendencia-atencion-al-publico-horario-matutino","status":"publish","type":"post","link":"https:\/\/tacuarembo.gub.uy\/?p=22991","title":{"rendered":"Intendencia atenci\u00f3n al p\u00fablico horario matutino"},"content":{"rendered":"\n<p>Por Resoluci\u00f3n 2492\/2023, ante la temporada estival que se avecina, es conveniente el cambio de horario de trabajo, para adecuarlo a la \u00e9poca del a\u00f1o. El Intendente de Tacuaremb\u00f3 Resuelve: 1) Fijarse a partir del 11 de diciembre de 2023 y hasta el 10 de marzo de 2024, inclusive, el siguiente horario para los funcionarios departamentales: a) Para los funcionarios administrativos de 07:30 a 13:30 horas, b) Para los funcionarios de servicio de modo general se establece un horario matutino y un horario vespertino a fijarse conforme a la \u00e9poca del a\u00f1o, c) La atenci\u00f3n al p\u00fablico se comenzar\u00e1 inmediatamente de iniciada la labor y finalizar\u00e1 30 minutos antes de la hora fijada precedentemente para el cierre<\/p>\n","protected":false},"excerpt":{"rendered":"<p>Por Resoluci\u00f3n 2492\/2023, ante la temporada estival que se avecina, es conveniente el cambio de horario de trabajo, para adecuarlo a la \u00e9poca del a\u00f1o. El Intendente de Tacuaremb\u00f3 Resuelve: 1) Fijarse a partir del 11 de diciembre de 2023 y hasta el 10 de marzo de 2024, inclusive, el siguiente horario para los funcionarios departamentales: a) Para los funcionarios administrativos de 07:30 a 13:30 horas, b) Para los funcionarios de servicio de modo general se establece un horario matutino y un horario vespertino a fijarse conforme a la \u00e9poca del a\u00f1o, c) La atenci\u00f3n al p\u00fablico se comenzar\u00e1 inmediatamente de iniciada la labor y finalizar\u00e1 30 minutos antes de la hora fijada precedentemente para el cierre<\/p>\n","protected":false},"author":3,"featured_media":0,"comment_status":"open","ping_status":"open","sticky":false,"template":"","format":"standard","meta":{"_eb_attr":"","footnotes":""},"categories":[38],"tags":[],"class_list":{"0":"post-22991","1":"post","2":"type-post","3":"status-publish","4":"format-standard","6":"category-comunicados-de-prensa"},"_links":{"self":[{"href":"https:\/\/tacuarembo.gub.uy\/index.php?rest_route=\/wp\/v2\/posts\/22991","targetHints":{"allow":["GET"]}}],"collection":[{"href":"https:\/\/tacuarembo.gub.uy\/index.php?rest_route=\/wp\/v2\/posts"}],"about":[{"href":"https:\/\/tacuarembo.gub.uy\/index.php?rest_route=\/wp\/v2\/types\/post"}],"author":[{"embeddable":true,"href":"https:\/\/tacuarembo.gub.uy\/index.php?rest_route=\/wp\/v2\/users\/3"}],"replies":[{"embeddable":true,"href":"https:\/\/tacuarembo.gub.uy\/index.php?rest_route=%2Fwp%2Fv2%2Fcomments&post=22991"}],"version-history":[{"count":1,"href":"https:\/\/tacuarembo.gub.uy\/index.php?rest_route=\/wp\/v2\/posts\/22991\/revisions"}],"predecessor-version":[{"id":22992,"href":"https:\/\/tacuarembo.gub.uy\/index.php?rest_route=\/wp\/v2\/posts\/22991\/revisions\/22992"}],"wp:attachment":[{"href":"https:\/\/tacuarembo.gub.uy\/index.php?rest_route=%2Fwp%2Fv2%2Fmedia&parent=22991"}],"wp:term":[{"taxonomy":"category","embeddable":true,"href":"https:\/\/tacuarembo.gub.uy\/index.php?rest_route=%2Fwp%2Fv2%2Fcategories&post=22991"},{"taxonomy":"post_tag","embeddable":true,"href":"https:\/\/tacuarembo.gub.uy\/index.php?rest_route=%2Fwp%2Fv2%2Ftags&post=22991"}],"curies":[{"name":"wp","href":"https:\/\/api.w.org\/{rel}","templated":true}]}}