{"id":22970,"date":"2023-11-24T21:20:06","date_gmt":"2023-11-25T00:20:06","guid":{"rendered":"https:\/\/tacuarembo.gub.uy\/?p=22970"},"modified":"2023-11-24T21:20:09","modified_gmt":"2023-11-25T00:20:09","slug":"dia-internacional-de-la-eliminacion-de-la-violencia-contra-la-mujer-2023","status":"publish","type":"post","link":"https:\/\/tacuarembo.gub.uy\/?p=22970","title":{"rendered":"D\u00eda Internacional de la Eliminaci\u00f3n de la Violencia contra la Mujer 2023"},"content":{"rendered":"\n<p>La Intendencia de Tacuaremb\u00f3 se adhiere al D\u00eda Internacional de la Eliminaci\u00f3n de todas las formas de Violencia hacia las Mujeres que se conmemora cada 25 de noviembre, haciendo \u00e9nfasis en la toma de conciencia y la difusi\u00f3n de todos los mecanismos de prevenci\u00f3n.<\/p>\n\n\n\n<p>El psic\u00f3logo y referente de G\u00e9nero, Equidad y Diversidad de la Direcci\u00f3n de Desarrollo Social, Nicol\u00e1s Rosas, se\u00f1al\u00f3 que \u201ces un tema que tiene que estar en la agenda todo el a\u00f1o, pero aprovechamos el mes de noviembre para darle mayor difusi\u00f3n a los recursos que tenemos a nivel nacional y en el departamento\u201d.<\/p>\n\n\n<p><img loading=\"lazy\" decoding=\"async\" width=\"841\" height=\"573\" class=\"alignnone size-full wp-image-22971\" src=\"https:\/\/tacuarembo.gub.uy\/wp-content\/uploads\/IMG-20231124-WA0032.jpg\" alt=\"\" srcset=\"https:\/\/tacuarembo.gub.uy\/wp-content\/uploads\/IMG-20231124-WA0032.jpg 841w, https:\/\/tacuarembo.gub.uy\/wp-content\/uploads\/IMG-20231124-WA0032-768x523.jpg 768w\" sizes=\"auto, (max-width: 841px) 100vw, 841px\" \/><\/p>\n\n\n<p>Record\u00f3 las cifras difundidas por el Ministerio de Interior indican 19 femicidios y tres intentos de femicidios registrados en lo que va del a\u00f1o 2023 en Uruguay. En ese sentido, expres\u00f3 que \u201chay que pensar en todo el c\u00edrculo familiar que queda cuando suceden estas muertes, m\u00e1s all\u00e1 de la mujer que es la v\u00edctima\u201d. El femicidio \u201ces una expresi\u00f3n de la violencia pero tambi\u00e9n existen otros tipos de violencias que hay que visibilizar\u201d.<\/p>\n\n\n\n<p>En cuanto a la Oficina de G\u00e9nero y Equidad de la IDT, manifest\u00f3 que integra la Comisi\u00f3n Interdepartamental de G\u00e9nero del Congreso de Intendentes, donde se viene trabajando a nivel de todas las intendencias del pa\u00eds para avanzar en diferentes pol\u00edticas.<\/p>\n\n\n\n<p>A\u00f1adi\u00f3 que \u201cse han realizado capacitaciones sobre Trata de Personas y, desde la Comisi\u00f3n Departamental por una Vida Libre de Violencia integrada por distintas instituciones, se trabaja con el proyecto \u201cEntramadas\u201d en los departamentos de Artigas, Cerro Largo, Rivera y Tacuaremb\u00f3, a trav\u00e9s de un estudio con adolescentes de UTU sobre salud mental y femicidios\u201d.<\/p>\n\n\n\n<p>Este a\u00f1o en la agenda nacional se est\u00e1 trabajando en la violencia en el \u00e1mbito laboral y pol\u00edtico. En ese marco, Rosas expres\u00f3 que la IDT tiene un protocolo de actuaci\u00f3n en caso de detectarse alguna situaci\u00f3n y agreg\u00f3 que \u201cel mensaje que queremos dar es la importancia de seguir trabajando, reforzar y difundir, adem\u00e1s de dar visibilizar para la toma de conciencia..<\/p>\n\n\n\n<p>L\u00edneas de ayuda<\/p>\n\n\n\n<p>-Inmujeres 0800 4141 o desde un celular *4141.<\/p>\n\n\n\n<p>-Adem\u00e1s se cuenta con el celular 099 384 019 o en la Intendencia de Tacuaremb\u00f3 se atiende a trav\u00e9s del 4632 46 71 (interno 286).<\/p>\n\n\n\n<p>-Servicio de Emergencias 911<\/p>\n","protected":false},"excerpt":{"rendered":"<p>La Intendencia de Tacuaremb\u00f3 se adhiere al D\u00eda Internacional de la Eliminaci\u00f3n de todas las formas de Violencia hacia las Mujeres que se conmemora cada 25 de noviembre, haciendo \u00e9nfasis en la toma de conciencia y la difusi\u00f3n de todos los mecanismos de prevenci\u00f3n<\/p>\n","protected":false},"author":3,"featured_media":22971,"comment_status":"open","ping_status":"open","sticky":false,"template":"","format":"standard","meta":{"_eb_attr":"","footnotes":""},"categories":[16],"tags":[],"class_list":{"0":"post-22970","1":"post","2":"type-post","3":"status-publish","4":"format-standard","5":"has-post-thumbnail","7":"category-noticias"},"_links":{"self":[{"href":"https:\/\/tacuarembo.gub.uy\/index.php?rest_route=\/wp\/v2\/posts\/22970","targetHints":{"allow":["GET"]}}],"collection":[{"href":"https:\/\/tacuarembo.gub.uy\/index.php?rest_route=\/wp\/v2\/posts"}],"about":[{"href":"https:\/\/tacuarembo.gub.uy\/index.php?rest_route=\/wp\/v2\/types\/post"}],"author":[{"embeddable":true,"href":"https:\/\/tacuarembo.gub.uy\/index.php?rest_route=\/wp\/v2\/users\/3"}],"replies":[{"embeddable":true,"href":"https:\/\/tacuarembo.gub.uy\/index.php?rest_route=%2Fwp%2Fv2%2Fcomments&post=22970"}],"version-history":[{"count":1,"href":"https:\/\/tacuarembo.gub.uy\/index.php?rest_route=\/wp\/v2\/posts\/22970\/revisions"}],"predecessor-version":[{"id":22972,"href":"https:\/\/tacuarembo.gub.uy\/index.php?rest_route=\/wp\/v2\/posts\/22970\/revisions\/22972"}],"wp:featuredmedia":[{"embeddable":true,"href":"https:\/\/tacuarembo.gub.uy\/index.php?rest_route=\/wp\/v2\/media\/22971"}],"wp:attachment":[{"href":"https:\/\/tacuarembo.gub.uy\/index.php?rest_route=%2Fwp%2Fv2%2Fmedia&parent=22970"}],"wp:term":[{"taxonomy":"category","embeddable":true,"href":"https:\/\/tacuarembo.gub.uy\/index.php?rest_route=%2Fwp%2Fv2%2Fcategories&post=22970"},{"taxonomy":"post_tag","embeddable":true,"href":"https:\/\/tacuarembo.gub.uy\/index.php?rest_route=%2Fwp%2Fv2%2Ftags&post=22970"}],"curies":[{"name":"wp","href":"https:\/\/api.w.org\/{rel}","templated":true}]}}