{"id":22819,"date":"2023-11-07T22:05:07","date_gmt":"2023-11-08T01:05:07","guid":{"rendered":"https:\/\/tacuarembo.gub.uy\/?p=22819"},"modified":"2023-11-07T22:07:33","modified_gmt":"2023-11-08T01:07:33","slug":"liberaron-a-un-oso-hormiguero-que-aparecio-en-la-zona-de-los-barrios-artigas-y-pereira-fontes","status":"publish","type":"post","link":"https:\/\/tacuarembo.gub.uy\/?p=22819","title":{"rendered":"Fue liberado oso hormiguero que apareci\u00f3 en la zona de los barrios Artigas y Pereira Fontes"},"content":{"rendered":"\n<p>El director de la Reserva \u00abL\u00f3pez Lomba\u00bb de la Intendencia de Tacuaremb\u00f3 y m\u00e9dico veterinario, Aquiles Chaer, confirm\u00f3 que el ejemplar fue atrapado y luego liberado en un \u00e1rea de campo forestal, procurando que el mam\u00edfero se sienta en su h\u00e1bitat y en las condiciones adecuadas.<\/p>\n\n\n\n<p>Se procedi\u00f3 a la liberaci\u00f3n en un predio de una empresa forestal ya que es una \u00e1rea protegida donde se proh\u00edbe la caza y hay cierta vigilancia.<\/p>\n\n\n\n<p>Chaer hizo hincapi\u00e9 en que la liberaci\u00f3n se concret\u00f3 con la condici\u00f3n que el lugar fuera aislado y en un entorno con gran cantidad de bosque natural \u201cporque este animal se alimenta principalmente de abejas, insectos y hormigas\u201d.<\/p>\n\n\n<p><img loading=\"lazy\" decoding=\"async\" width=\"1170\" height=\"874\" class=\"alignnone size-full wp-image-22820\" src=\"https:\/\/tacuarembo.gub.uy\/wp-content\/uploads\/IMG-20231107-WA0037.jpg\" alt=\"\" srcset=\"https:\/\/tacuarembo.gub.uy\/wp-content\/uploads\/IMG-20231107-WA0037.jpg 1170w, https:\/\/tacuarembo.gub.uy\/wp-content\/uploads\/IMG-20231107-WA0037-768x574.jpg 768w\" sizes=\"auto, (max-width: 1170px) 100vw, 1170px\" \/><\/p>","protected":false},"excerpt":{"rendered":"<p>El director de la Reserva \u00abL\u00f3pez Lomba\u00bb de la Intendencia de Tacuaremb\u00f3 y m\u00e9dico veterinario, Aquiles Chaer, confirm\u00f3 que el ejemplar fue atrapado y luego liberado en un \u00e1rea de campo forestal, procurando que el mam\u00edfero se sienta en su h\u00e1bitat y en las condiciones adecuadas<\/p>\n","protected":false},"author":3,"featured_media":22820,"comment_status":"open","ping_status":"open","sticky":false,"template":"","format":"standard","meta":{"_eb_attr":"","footnotes":""},"categories":[16],"tags":[],"class_list":{"0":"post-22819","1":"post","2":"type-post","3":"status-publish","4":"format-standard","5":"has-post-thumbnail","7":"category-noticias"},"_links":{"self":[{"href":"https:\/\/tacuarembo.gub.uy\/index.php?rest_route=\/wp\/v2\/posts\/22819","targetHints":{"allow":["GET"]}}],"collection":[{"href":"https:\/\/tacuarembo.gub.uy\/index.php?rest_route=\/wp\/v2\/posts"}],"about":[{"href":"https:\/\/tacuarembo.gub.uy\/index.php?rest_route=\/wp\/v2\/types\/post"}],"author":[{"embeddable":true,"href":"https:\/\/tacuarembo.gub.uy\/index.php?rest_route=\/wp\/v2\/users\/3"}],"replies":[{"embeddable":true,"href":"https:\/\/tacuarembo.gub.uy\/index.php?rest_route=%2Fwp%2Fv2%2Fcomments&post=22819"}],"version-history":[{"count":3,"href":"https:\/\/tacuarembo.gub.uy\/index.php?rest_route=\/wp\/v2\/posts\/22819\/revisions"}],"predecessor-version":[{"id":22823,"href":"https:\/\/tacuarembo.gub.uy\/index.php?rest_route=\/wp\/v2\/posts\/22819\/revisions\/22823"}],"wp:featuredmedia":[{"embeddable":true,"href":"https:\/\/tacuarembo.gub.uy\/index.php?rest_route=\/wp\/v2\/media\/22820"}],"wp:attachment":[{"href":"https:\/\/tacuarembo.gub.uy\/index.php?rest_route=%2Fwp%2Fv2%2Fmedia&parent=22819"}],"wp:term":[{"taxonomy":"category","embeddable":true,"href":"https:\/\/tacuarembo.gub.uy\/index.php?rest_route=%2Fwp%2Fv2%2Fcategories&post=22819"},{"taxonomy":"post_tag","embeddable":true,"href":"https:\/\/tacuarembo.gub.uy\/index.php?rest_route=%2Fwp%2Fv2%2Ftags&post=22819"}],"curies":[{"name":"wp","href":"https:\/\/api.w.org\/{rel}","templated":true}]}}