{"id":22797,"date":"2023-11-04T11:54:30","date_gmt":"2023-11-04T14:54:30","guid":{"rendered":"https:\/\/tacuarembo.gub.uy\/?p=22797"},"modified":"2023-11-04T11:54:32","modified_gmt":"2023-11-04T14:54:32","slug":"primera-expo-feria-muestra-anual-de-caraguata","status":"publish","type":"post","link":"https:\/\/tacuarembo.gub.uy\/?p=22797","title":{"rendered":"Primera Expo Feria: Muestra Anual de Caraguat\u00e1"},"content":{"rendered":"\n<p>La Comisi\u00f3n Organizadora invita a participar de la 1\u00aa Expoferia en Las Toscas de Caraguat\u00e1, donde se presentar\u00e1n los trabajos, proyectos y productos realizados durante el a\u00f1o en curso.<\/p>\n\n\n\n<p>Ser\u00e1 el s\u00e1bado 11 de noviembre, de 16 a 20.30 horas, en el Gimnasio Minicipal de Caraguat\u00e1.<\/p>\n\n\n\n<p>La actividad es organizada por la Escuela Agraria Anexo Caraguat\u00e1, la Escuela T\u00e9cnica Anexo Caraguat\u00e1, la Escuela N\u00ba22 Toscas de Caraguat\u00e1 y el Liceo Rural Toscas de Caraguat\u00e1, con apoyo de la Junta Local.<\/p>\n\n\n\n<p>Por consultas y para confirmar participaci\u00f3n est\u00e1n habilitados los siguientes tel\u00e9fonos: 094 206 798 y 098 907 149.<\/p>\n\n\n<p><img loading=\"lazy\" decoding=\"async\" width=\"1600\" height=\"1131\" class=\"alignnone size-full wp-image-22798\" src=\"https:\/\/tacuarembo.gub.uy\/wp-content\/uploads\/IMG-20231104-WA0000.jpg\" alt=\"\" srcset=\"https:\/\/tacuarembo.gub.uy\/wp-content\/uploads\/IMG-20231104-WA0000.jpg 1600w, https:\/\/tacuarembo.gub.uy\/wp-content\/uploads\/IMG-20231104-WA0000-200x140.jpg 200w, https:\/\/tacuarembo.gub.uy\/wp-content\/uploads\/IMG-20231104-WA0000-768x543.jpg 768w, https:\/\/tacuarembo.gub.uy\/wp-content\/uploads\/IMG-20231104-WA0000-1536x1086.jpg 1536w\" sizes=\"auto, (max-width: 1600px) 100vw, 1600px\" \/><\/p>","protected":false},"excerpt":{"rendered":"<p>La Comisi\u00f3n Organizadora invita a participar de la 1\u00aa Expoferia en Las Toscas de Caraguat\u00e1, donde se presentar\u00e1n los trabajos, proyectos y productos realizados durante el a\u00f1o en curso<\/p>\n","protected":false},"author":3,"featured_media":22798,"comment_status":"open","ping_status":"open","sticky":false,"template":"","format":"standard","meta":{"_eb_attr":"","footnotes":""},"categories":[16],"tags":[],"class_list":{"0":"post-22797","1":"post","2":"type-post","3":"status-publish","4":"format-standard","5":"has-post-thumbnail","7":"category-noticias"},"_links":{"self":[{"href":"https:\/\/tacuarembo.gub.uy\/index.php?rest_route=\/wp\/v2\/posts\/22797","targetHints":{"allow":["GET"]}}],"collection":[{"href":"https:\/\/tacuarembo.gub.uy\/index.php?rest_route=\/wp\/v2\/posts"}],"about":[{"href":"https:\/\/tacuarembo.gub.uy\/index.php?rest_route=\/wp\/v2\/types\/post"}],"author":[{"embeddable":true,"href":"https:\/\/tacuarembo.gub.uy\/index.php?rest_route=\/wp\/v2\/users\/3"}],"replies":[{"embeddable":true,"href":"https:\/\/tacuarembo.gub.uy\/index.php?rest_route=%2Fwp%2Fv2%2Fcomments&post=22797"}],"version-history":[{"count":1,"href":"https:\/\/tacuarembo.gub.uy\/index.php?rest_route=\/wp\/v2\/posts\/22797\/revisions"}],"predecessor-version":[{"id":22799,"href":"https:\/\/tacuarembo.gub.uy\/index.php?rest_route=\/wp\/v2\/posts\/22797\/revisions\/22799"}],"wp:featuredmedia":[{"embeddable":true,"href":"https:\/\/tacuarembo.gub.uy\/index.php?rest_route=\/wp\/v2\/media\/22798"}],"wp:attachment":[{"href":"https:\/\/tacuarembo.gub.uy\/index.php?rest_route=%2Fwp%2Fv2%2Fmedia&parent=22797"}],"wp:term":[{"taxonomy":"category","embeddable":true,"href":"https:\/\/tacuarembo.gub.uy\/index.php?rest_route=%2Fwp%2Fv2%2Fcategories&post=22797"},{"taxonomy":"post_tag","embeddable":true,"href":"https:\/\/tacuarembo.gub.uy\/index.php?rest_route=%2Fwp%2Fv2%2Ftags&post=22797"}],"curies":[{"name":"wp","href":"https:\/\/api.w.org\/{rel}","templated":true}]}}