{"id":22789,"date":"2023-11-01T21:54:04","date_gmt":"2023-11-02T00:54:04","guid":{"rendered":"https:\/\/tacuarembo.gub.uy\/?p=22789"},"modified":"2023-11-01T22:07:41","modified_gmt":"2023-11-02T01:07:41","slug":"intendencia-de-tacuarembo-lamenta-el-fallecimiento-de-sonia-reggi","status":"publish","type":"post","link":"https:\/\/tacuarembo.gub.uy\/?p=22789","title":{"rendered":"Intendencia de Tacuaremb\u00f3 lamenta el fallecimiento de Sonia Reggi"},"content":{"rendered":"\n<p><\/p>\n\n\n\n<p>La Intendencia Departamental de Tacuaremb\u00f3 lamenta con hondo pesar el fallecimiento de Sonia Reggi, integrante de la Comisi\u00f3n Organizadora de la Patria Gaucha y servidora p\u00fablica que aport\u00f3 excelencia en su desempe\u00f1o profesional en nuestra instituci\u00f3n.<\/p>\n\n\n\n<p>La recordaremos como una mujer creativa, din\u00e1mica, sembradora de propuestas, con tantos sue\u00f1os compartidos y metas alcanzadas. Nos unimos al dolor de la familia y amigos y enviamos nuestras condolencias ante tan irreparable p\u00e9rdida.<\/p>\n\n\n\n<p>El Intendente Departamental Wilson Ezquerra Martinotti y familia, con hondo pesar, lamentan el fallecimiento de Sonia Reggi, amiga y compa\u00f1era incondicional que siempre aport\u00f3 su consejo sano, voz de aliento, una funcionaria involucrada y comprometida con la gesti\u00f3n. A sus familiares y amigos, enviamos nuestras condolencias y reconocimiento a la labor, compromiso y solidaridad que tuvo con nuestra sociedad.<\/p>\n\n\n\n<p>El Secretario General de la Intendencia de Tacuaremb\u00f3, Dr. Jos\u00e9 Omar Men\u00e9ndez y familia, lamentan el fallecimiento de Sonia Reggi y env\u00eda sus condolencias a la familia en este momento de dolor.<\/p>\n\n\n\n<p>Sus compa\u00f1eros del equipo de secretaria del Ejecutivo Departamental, se unen al sentimiento de dolor ante tan pronta partida. Sonia, nos dej\u00f3 su ense\u00f1anza y un tiempo compartido lleno de valores, que fortalecer\u00e1 nuestra tarea.<\/p>\n\n\n<p><img loading=\"lazy\" decoding=\"async\" width=\"1600\" height=\"1068\" class=\"alignnone size-full wp-image-22790\" src=\"https:\/\/tacuarembo.gub.uy\/wp-content\/uploads\/IMG-20231101-WA0009.jpg\" alt=\"\" srcset=\"https:\/\/tacuarembo.gub.uy\/wp-content\/uploads\/IMG-20231101-WA0009.jpg 1600w, https:\/\/tacuarembo.gub.uy\/wp-content\/uploads\/IMG-20231101-WA0009-768x513.jpg 768w, https:\/\/tacuarembo.gub.uy\/wp-content\/uploads\/IMG-20231101-WA0009-1536x1025.jpg 1536w\" sizes=\"auto, (max-width: 1600px) 100vw, 1600px\" \/><\/p>","protected":false},"excerpt":{"rendered":"<p>La Intendencia Departamental de Tacuaremb\u00f3 lamenta con hondo pesar el fallecimiento de Sonia Reggi, integrante de la Comisi\u00f3n Organizadora de la Patria Gaucha y servidora p\u00fablica que aport\u00f3 excelencia en su desempe\u00f1o profesional en nuestra instituci\u00f3n<\/p>\n","protected":false},"author":3,"featured_media":22790,"comment_status":"open","ping_status":"open","sticky":false,"template":"","format":"standard","meta":{"_eb_attr":"","footnotes":""},"categories":[16],"tags":[],"class_list":{"0":"post-22789","1":"post","2":"type-post","3":"status-publish","4":"format-standard","5":"has-post-thumbnail","7":"category-noticias"},"_links":{"self":[{"href":"https:\/\/tacuarembo.gub.uy\/index.php?rest_route=\/wp\/v2\/posts\/22789","targetHints":{"allow":["GET"]}}],"collection":[{"href":"https:\/\/tacuarembo.gub.uy\/index.php?rest_route=\/wp\/v2\/posts"}],"about":[{"href":"https:\/\/tacuarembo.gub.uy\/index.php?rest_route=\/wp\/v2\/types\/post"}],"author":[{"embeddable":true,"href":"https:\/\/tacuarembo.gub.uy\/index.php?rest_route=\/wp\/v2\/users\/3"}],"replies":[{"embeddable":true,"href":"https:\/\/tacuarembo.gub.uy\/index.php?rest_route=%2Fwp%2Fv2%2Fcomments&post=22789"}],"version-history":[{"count":2,"href":"https:\/\/tacuarembo.gub.uy\/index.php?rest_route=\/wp\/v2\/posts\/22789\/revisions"}],"predecessor-version":[{"id":22793,"href":"https:\/\/tacuarembo.gub.uy\/index.php?rest_route=\/wp\/v2\/posts\/22789\/revisions\/22793"}],"wp:featuredmedia":[{"embeddable":true,"href":"https:\/\/tacuarembo.gub.uy\/index.php?rest_route=\/wp\/v2\/media\/22790"}],"wp:attachment":[{"href":"https:\/\/tacuarembo.gub.uy\/index.php?rest_route=%2Fwp%2Fv2%2Fmedia&parent=22789"}],"wp:term":[{"taxonomy":"category","embeddable":true,"href":"https:\/\/tacuarembo.gub.uy\/index.php?rest_route=%2Fwp%2Fv2%2Fcategories&post=22789"},{"taxonomy":"post_tag","embeddable":true,"href":"https:\/\/tacuarembo.gub.uy\/index.php?rest_route=%2Fwp%2Fv2%2Ftags&post=22789"}],"curies":[{"name":"wp","href":"https:\/\/api.w.org\/{rel}","templated":true}]}}