{"id":22767,"date":"2023-10-31T17:14:28","date_gmt":"2023-10-31T20:14:28","guid":{"rendered":"https:\/\/tacuarembo.gub.uy\/?p=22767"},"modified":"2023-10-31T17:14:31","modified_gmt":"2023-10-31T20:14:31","slug":"dia-de-los-difuntos-se-informa-sobre-el-transporte-urbano-previsto-para-esa-jornada-2","status":"publish","type":"post","link":"https:\/\/tacuarembo.gub.uy\/?p=22767","title":{"rendered":"D\u00eda de los Difuntos: se informa sobre el transporte urbano previsto para esa jornada"},"content":{"rendered":"\n<p>La Direcci\u00f3n de Transporte de la IDT, hace saber a la poblaci\u00f3n que este jueves 2 de noviembre todas las l\u00edneas de \u00f3mnibus trabajar\u00e1n en su horario habitual, de 6.30 a 21 horas.<\/p>\n\n\n\n<p>La l\u00ednea 102 dejar\u00e1 a los usuarios en la puerta principal del Cementerio Central y operar\u00e1 con una frecuencia cada 30 minutos.<\/p>\n\n\n\n<p>Adem\u00e1s, se dispondr\u00e1 de un servicio especial hacia el Cementerio de Zapar\u00e1, de 7 a 12 y de 15 a 19 horas con frecuencias cada una hora. El punto de salida ser\u00e1 en el Puesto de control de calle Treinta y Tres y Olimpia Pintos.<\/p>\n\n\n\n<p>El valor de la tarifa es de $40 la ida y $40 la vuelta. La l\u00ednea prev\u00e9 el siguiente recorrido:<\/p>\n\n\n\n<p>Salida:<\/p>\n\n\n\n<p>Parada de calle Treinta y Tres y Olimpia Pintos.<\/p>\n\n\n\n<p>Por Treinta y Tres, Victorino Pereira, hasta la Terminal, gira en rotonda Santa Isabel, regresa por Victorino Pereira hasta Luis Batlle, Avenida Manuel Oribe, Avenida Intendente Oliver, Ruta 31 llegando al Cementerio de Zapar\u00e1.<\/p>\n\n\n<p><img loading=\"lazy\" decoding=\"async\" width=\"577\" height=\"286\" class=\"alignnone size-full wp-image-22768\" src=\"https:\/\/tacuarembo.gub.uy\/wp-content\/uploads\/IMG-20231031-WA0019.jpg\" alt=\"\" \/><\/p>","protected":false},"excerpt":{"rendered":"<p>La Direcci\u00f3n de Transporte de la IDT, hace saber a la poblaci\u00f3n que este jueves 2 de noviembre todas las l\u00edneas de \u00f3mnibus trabajar\u00e1n en su horario habitual, de 6.30 a 21 horas<\/p>\n","protected":false},"author":3,"featured_media":22768,"comment_status":"open","ping_status":"open","sticky":false,"template":"","format":"standard","meta":{"_eb_attr":"","footnotes":""},"categories":[16],"tags":[],"class_list":{"0":"post-22767","1":"post","2":"type-post","3":"status-publish","4":"format-standard","5":"has-post-thumbnail","7":"category-noticias"},"_links":{"self":[{"href":"https:\/\/tacuarembo.gub.uy\/index.php?rest_route=\/wp\/v2\/posts\/22767","targetHints":{"allow":["GET"]}}],"collection":[{"href":"https:\/\/tacuarembo.gub.uy\/index.php?rest_route=\/wp\/v2\/posts"}],"about":[{"href":"https:\/\/tacuarembo.gub.uy\/index.php?rest_route=\/wp\/v2\/types\/post"}],"author":[{"embeddable":true,"href":"https:\/\/tacuarembo.gub.uy\/index.php?rest_route=\/wp\/v2\/users\/3"}],"replies":[{"embeddable":true,"href":"https:\/\/tacuarembo.gub.uy\/index.php?rest_route=%2Fwp%2Fv2%2Fcomments&post=22767"}],"version-history":[{"count":1,"href":"https:\/\/tacuarembo.gub.uy\/index.php?rest_route=\/wp\/v2\/posts\/22767\/revisions"}],"predecessor-version":[{"id":22769,"href":"https:\/\/tacuarembo.gub.uy\/index.php?rest_route=\/wp\/v2\/posts\/22767\/revisions\/22769"}],"wp:featuredmedia":[{"embeddable":true,"href":"https:\/\/tacuarembo.gub.uy\/index.php?rest_route=\/wp\/v2\/media\/22768"}],"wp:attachment":[{"href":"https:\/\/tacuarembo.gub.uy\/index.php?rest_route=%2Fwp%2Fv2%2Fmedia&parent=22767"}],"wp:term":[{"taxonomy":"category","embeddable":true,"href":"https:\/\/tacuarembo.gub.uy\/index.php?rest_route=%2Fwp%2Fv2%2Fcategories&post=22767"},{"taxonomy":"post_tag","embeddable":true,"href":"https:\/\/tacuarembo.gub.uy\/index.php?rest_route=%2Fwp%2Fv2%2Ftags&post=22767"}],"curies":[{"name":"wp","href":"https:\/\/api.w.org\/{rel}","templated":true}]}}