{"id":22707,"date":"2023-10-27T18:04:51","date_gmt":"2023-10-27T21:04:51","guid":{"rendered":"https:\/\/tacuarembo.gub.uy\/?p=22707"},"modified":"2023-10-27T18:07:41","modified_gmt":"2023-10-27T21:07:41","slug":"se-inauguro-muestra-finisterre-de-sergio-alvarez-frugoni-en-el-muart","status":"publish","type":"post","link":"https:\/\/tacuarembo.gub.uy\/?p=22707","title":{"rendered":"Se inaugur\u00f3 muestra \u201cFinisterre\u201d de Sergio \u00c1lvarez Frugoni en el MUART"},"content":{"rendered":"\n<p>La presentaci\u00f3n de la exposici\u00f3n en el Museo de Artes Visuales de Tacuaremb\u00f3 (MUART) cont\u00f3 con la presencia de la intendente interina, Greysi Ara\u00fajo, quien felicit\u00f3 al artista tacuaremboense por su trabajo y por difundir el arte uruguayo en el mundo.<\/p>\n\n\n\n<p>La muestra \u201cFinisterre\u201d del pintor uruguayo nacido en Tacuaremb\u00f3, se podr\u00e1 visitar hasta el 25 de noviembre.<\/p>\n\n\n\n<p>Sergio \u00c1lvarez Frugoni estuvo acompa\u00f1ado de autoridades, familiares, amigos, artistas y allegados a la cultura que celebraron la inauguraci\u00f3n de la exposici\u00f3n.<\/p>\n\n\n\n<p>En su mensaje el artista cont\u00f3 su experiencia por el mundo y el trabajo en tela al que defini\u00f3 como un \u201cdi\u00e1logo silencioso con la tela\u00bb.<\/p>\n\n\n\n<p>Por su parte, el director general de Cultura, Carlos Arezo, resalt\u00f3 la importancia del Complejo Cultural Teatro Escayola y el Museo de Artes Visuales de Tacuaremb\u00f3 que tienen una agenda anual y acerca a los principales artistas del pa\u00eds y el departamento, siendo un faro cultural en el Norte del territorio nacional.<\/p>\n\n\n\n<p>Sergio \u00c1lvarez Frugoni<\/p>\n\n\n\n<p>Es pintor, naci\u00f3 en Tacuaremb\u00f3 y tiene actualmente su residencia en la Isla de Mallorca, Espa\u00f1a.<\/p>\n\n\n\n<p>En 1961 se vincula a la escuela de Bellas Artes de Montevideo. De 1966 al 1974 se desempe\u00f1\u00f3 como profesor de dibujo en el Liceo \u201cNuestra Se\u00f1ora del Huerto\u201d, en Florida.<\/p>\n\n\n\n<p>Entre 1973 y 1974 vivi\u00f3 entre Montevideo y Buenos Aires. Este \u00faltimo a\u00f1o fue invitado por la Galer\u00eda Marcos Castillo de Caracas, donde se le propuso que viviera, trabajara y exhibiera. En 1979 fund\u00f3 el grupo de artistas \u201cTaller 69\u201d con el que realiz\u00f3 varias exposiciones. Luego de esta experiencia \u00c1lvarez Frugoni se retir\u00f3 por algunos a\u00f1os a una aislada aldea de pescadores de la costa del Caribe donde se recluy\u00f3 en un ambiente autentico y salvaje. De esta etapa, surgi\u00f3 una obra impregnada por las culturas contrastantes del para\u00edso caribe\u00f1o y las del Cono Sur, denominada \u201cConversaciones con el para\u00edso\u201d.<\/p>\n\n\n\n<p>A finales del a\u00f1o 1982 se traslad\u00f3 a Europa alternando su trabajo entre Suiza, Italia y Espa\u00f1a. En 1983 obtuvo el Premio de la Bienal de Arte Scandicci de Florencia.<\/p>\n\n\n\n<p>Realiz\u00f3 y particip\u00f3 en m\u00e1s de 200 exposiciones en Zurich, Ginebra, Berna, Montevideo, Paris, Tokio, Okinawa, Roma, Florencia, Buenos Aires, Madrid, Barcelona, y Sof\u00eda.<\/p>\n\n\n\n<p>Entre 1989 y 1990 viaj\u00f3 por Brasil donde fue invitado a realizar la exposici\u00f3n n\u00famero 100 en el Museo de Arte Contempor\u00e1neo de Santa Catalina. Para preparar esta muestra se instal\u00f3 en la isla de Florian\u00f3polis, en el sur de Brasil, donde residi\u00f3 por varios meses.<\/p>\n\n\n\n<p>Entre 1990 y 1996 altern\u00f3 su trabajo en los talleres que posia en Espa\u00f1a, Suiza y<br>Uruguay. Desde 1997 reside en Alar\u00f3, Mallorca.<\/p>\n\n\n\n<p>En el 2001 residi\u00f3 por un per\u00edodo de cuatro meses en el Principado de Liechtenstein trabajando en la Fundaci\u00f3n Aterrana donde expuso un total de 38 telas realizadas durante ese periodo.<\/p>\n\n\n\n<p>En marzo del 2012 fue declarado Ciudadano Ilustre de la Ciudad de Florida por el gobierno departamental en un acto realizado en el Sal\u00f3n de Honor de la Intendencia.<\/p>\n\n\n\n<p>En 2013 expuso en MACLA (La Plata,Buenos Aires) y en 2015 en el Museo Nacional de Artes Visuales (Montevideo).<\/p>\n\n\n\n<p>Ha realizado murales en Espa\u00f1a y en Uruguay.<\/p>\n\n\n\n<p>Su obra se encuentra representada en las siguientes colecciones:<\/p>\n\n\n\n<p>-Museo de Arte Latino Americano-MACLA. La Plata. Buenos Aires. Argentina<br>-Museo Gurvich. Montevideo. Uruguay<br>-Museo de Artes Visuales Ernesto Alexandre, Florida Uruguay.<br>-Museo de Arte Americano. Maldonado. Uruguay<br>-Museo de Arte Contemporaneo Francisco Narvaez. Venezuela<br>-Museo de arte. Maracay. Venezuela.<br>-Fundaci\u00f3n Aterrana. Principado de Liechtenstein<br>-Hipo Invest Banck. Liechtenstein<br>-Swiss Bank Corporation. Montevideo Uruguay<br>-Banque de Credit Suisse. Zurich. Suiza<br>-Colecciones privadas en Suiza, Alemania, Argentina, Uruguay, Estados Unidos, Dinamarca, Francia, Venezuela, Costa Rica, Italia, Colombia, Grecia y Espa\u00f1a<\/p>\n\n\n\n\t\t<style type=\"text\/css\">\n\t\t\t#gallery-1 {\n\t\t\t\tmargin: auto;\n\t\t\t}\n\t\t\t#gallery-1 .gallery-item {\n\t\t\t\tfloat: left;\n\t\t\t\tmargin-top: 10px;\n\t\t\t\ttext-align: center;\n\t\t\t\twidth: 33%;\n\t\t\t}\n\t\t\t#gallery-1 img {\n\t\t\t\tborder: 2px solid #cfcfcf;\n\t\t\t}\n\t\t\t#gallery-1 .gallery-caption {\n\t\t\t\tmargin-left: 0;\n\t\t\t}\n\t\t\t\/* see gallery_shortcode() in wp-includes\/media.php *\/\n\t\t<\/style>\n\t\t<div id='gallery-1' class='gallery galleryid-22707 gallery-columns-3 gallery-size-full'><dl class='gallery-item'>\n\t\t\t<dt class='gallery-icon landscape'>\n\t\t\t\t<a href='https:\/\/tacuarembo.gub.uy\/?attachment_id=22710'><img loading=\"lazy\" decoding=\"async\" width=\"1600\" height=\"1068\" src=\"https:\/\/tacuarembo.gub.uy\/wp-content\/uploads\/WhatsApp-Image-2023-10-27-at-18.00.22.jpeg\" class=\"attachment-full size-full\" alt=\"\" srcset=\"https:\/\/tacuarembo.gub.uy\/wp-content\/uploads\/WhatsApp-Image-2023-10-27-at-18.00.22.jpeg 1600w, https:\/\/tacuarembo.gub.uy\/wp-content\/uploads\/WhatsApp-Image-2023-10-27-at-18.00.22-768x513.jpeg 768w, https:\/\/tacuarembo.gub.uy\/wp-content\/uploads\/WhatsApp-Image-2023-10-27-at-18.00.22-1536x1025.jpeg 1536w\" sizes=\"auto, (max-width: 1600px) 100vw, 1600px\" \/><\/a>\n\t\t\t<\/dt><\/dl><dl class='gallery-item'>\n\t\t\t<dt class='gallery-icon landscape'>\n\t\t\t\t<a href='https:\/\/tacuarembo.gub.uy\/?attachment_id=22711'><img loading=\"lazy\" decoding=\"async\" width=\"1067\" height=\"702\" src=\"https:\/\/tacuarembo.gub.uy\/wp-content\/uploads\/WhatsApp-Image-2023-10-27-at-18.00.212.jpeg\" class=\"attachment-full size-full\" alt=\"\" srcset=\"https:\/\/tacuarembo.gub.uy\/wp-content\/uploads\/WhatsApp-Image-2023-10-27-at-18.00.212.jpeg 1067w, https:\/\/tacuarembo.gub.uy\/wp-content\/uploads\/WhatsApp-Image-2023-10-27-at-18.00.212-768x505.jpeg 768w\" sizes=\"auto, (max-width: 1067px) 100vw, 1067px\" \/><\/a>\n\t\t\t<\/dt><\/dl><dl class='gallery-item'>\n\t\t\t<dt class='gallery-icon landscape'>\n\t\t\t\t<a href='https:\/\/tacuarembo.gub.uy\/?attachment_id=22712'><img loading=\"lazy\" decoding=\"async\" width=\"1068\" height=\"831\" src=\"https:\/\/tacuarembo.gub.uy\/wp-content\/uploads\/WhatsApp-Image-2023-10-27-at-18.00.211.jpeg\" class=\"attachment-full size-full\" alt=\"\" srcset=\"https:\/\/tacuarembo.gub.uy\/wp-content\/uploads\/WhatsApp-Image-2023-10-27-at-18.00.211.jpeg 1068w, https:\/\/tacuarembo.gub.uy\/wp-content\/uploads\/WhatsApp-Image-2023-10-27-at-18.00.211-768x598.jpeg 768w\" sizes=\"auto, (max-width: 1068px) 100vw, 1068px\" \/><\/a>\n\t\t\t<\/dt><\/dl><br style=\"clear: both\" \/><dl class='gallery-item'>\n\t\t\t<dt class='gallery-icon landscape'>\n\t\t\t\t<a href='https:\/\/tacuarembo.gub.uy\/?attachment_id=22713'><img loading=\"lazy\" decoding=\"async\" width=\"1600\" height=\"1068\" src=\"https:\/\/tacuarembo.gub.uy\/wp-content\/uploads\/WhatsApp-Image-2023-10-27-at-18.00.21.jpeg\" class=\"attachment-full size-full\" alt=\"\" srcset=\"https:\/\/tacuarembo.gub.uy\/wp-content\/uploads\/WhatsApp-Image-2023-10-27-at-18.00.21.jpeg 1600w, https:\/\/tacuarembo.gub.uy\/wp-content\/uploads\/WhatsApp-Image-2023-10-27-at-18.00.21-768x513.jpeg 768w, https:\/\/tacuarembo.gub.uy\/wp-content\/uploads\/WhatsApp-Image-2023-10-27-at-18.00.21-1536x1025.jpeg 1536w\" sizes=\"auto, (max-width: 1600px) 100vw, 1600px\" \/><\/a>\n\t\t\t<\/dt><\/dl><dl class='gallery-item'>\n\t\t\t<dt class='gallery-icon landscape'>\n\t\t\t\t<a href='https:\/\/tacuarembo.gub.uy\/?attachment_id=22714'><img loading=\"lazy\" decoding=\"async\" width=\"1600\" height=\"1068\" src=\"https:\/\/tacuarembo.gub.uy\/wp-content\/uploads\/WhatsApp-Image-2023-10-27-at-18.00.202.jpeg\" class=\"attachment-full size-full\" alt=\"\" srcset=\"https:\/\/tacuarembo.gub.uy\/wp-content\/uploads\/WhatsApp-Image-2023-10-27-at-18.00.202.jpeg 1600w, https:\/\/tacuarembo.gub.uy\/wp-content\/uploads\/WhatsApp-Image-2023-10-27-at-18.00.202-768x513.jpeg 768w, https:\/\/tacuarembo.gub.uy\/wp-content\/uploads\/WhatsApp-Image-2023-10-27-at-18.00.202-1536x1025.jpeg 1536w\" sizes=\"auto, (max-width: 1600px) 100vw, 1600px\" \/><\/a>\n\t\t\t<\/dt><\/dl><dl class='gallery-item'>\n\t\t\t<dt class='gallery-icon landscape'>\n\t\t\t\t<a href='https:\/\/tacuarembo.gub.uy\/?attachment_id=22715'><img loading=\"lazy\" decoding=\"async\" width=\"1600\" height=\"1068\" src=\"https:\/\/tacuarembo.gub.uy\/wp-content\/uploads\/WhatsApp-Image-2023-10-27-at-18.00.201.jpeg\" class=\"attachment-full size-full\" alt=\"\" srcset=\"https:\/\/tacuarembo.gub.uy\/wp-content\/uploads\/WhatsApp-Image-2023-10-27-at-18.00.201.jpeg 1600w, https:\/\/tacuarembo.gub.uy\/wp-content\/uploads\/WhatsApp-Image-2023-10-27-at-18.00.201-768x513.jpeg 768w, https:\/\/tacuarembo.gub.uy\/wp-content\/uploads\/WhatsApp-Image-2023-10-27-at-18.00.201-1536x1025.jpeg 1536w\" sizes=\"auto, (max-width: 1600px) 100vw, 1600px\" \/><\/a>\n\t\t\t<\/dt><\/dl><br style=\"clear: both\" \/><dl class='gallery-item'>\n\t\t\t<dt class='gallery-icon landscape'>\n\t\t\t\t<a href='https:\/\/tacuarembo.gub.uy\/?attachment_id=22716'><img loading=\"lazy\" decoding=\"async\" width=\"1600\" height=\"1068\" src=\"https:\/\/tacuarembo.gub.uy\/wp-content\/uploads\/WhatsApp-Image-2023-10-27-at-18.00.20.jpeg\" class=\"attachment-full size-full\" alt=\"\" srcset=\"https:\/\/tacuarembo.gub.uy\/wp-content\/uploads\/WhatsApp-Image-2023-10-27-at-18.00.20.jpeg 1600w, https:\/\/tacuarembo.gub.uy\/wp-content\/uploads\/WhatsApp-Image-2023-10-27-at-18.00.20-768x513.jpeg 768w, https:\/\/tacuarembo.gub.uy\/wp-content\/uploads\/WhatsApp-Image-2023-10-27-at-18.00.20-1536x1025.jpeg 1536w\" sizes=\"auto, (max-width: 1600px) 100vw, 1600px\" \/><\/a>\n\t\t\t<\/dt><\/dl><dl class='gallery-item'>\n\t\t\t<dt class='gallery-icon landscape'>\n\t\t\t\t<a href='https:\/\/tacuarembo.gub.uy\/?attachment_id=22718'><img loading=\"lazy\" decoding=\"async\" width=\"1600\" height=\"1068\" src=\"https:\/\/tacuarembo.gub.uy\/wp-content\/uploads\/WhatsApp-Image-2023-10-27-at-18.00.192.jpeg\" class=\"attachment-full size-full\" alt=\"\" srcset=\"https:\/\/tacuarembo.gub.uy\/wp-content\/uploads\/WhatsApp-Image-2023-10-27-at-18.00.192.jpeg 1600w, https:\/\/tacuarembo.gub.uy\/wp-content\/uploads\/WhatsApp-Image-2023-10-27-at-18.00.192-768x513.jpeg 768w, https:\/\/tacuarembo.gub.uy\/wp-content\/uploads\/WhatsApp-Image-2023-10-27-at-18.00.192-1536x1025.jpeg 1536w\" sizes=\"auto, (max-width: 1600px) 100vw, 1600px\" \/><\/a>\n\t\t\t<\/dt><\/dl><dl class='gallery-item'>\n\t\t\t<dt class='gallery-icon landscape'>\n\t\t\t\t<a href='https:\/\/tacuarembo.gub.uy\/?attachment_id=22719'><img loading=\"lazy\" decoding=\"async\" width=\"1600\" height=\"1068\" src=\"https:\/\/tacuarembo.gub.uy\/wp-content\/uploads\/WhatsApp-Image-2023-10-27-at-18.00.191.jpeg\" class=\"attachment-full size-full\" alt=\"\" srcset=\"https:\/\/tacuarembo.gub.uy\/wp-content\/uploads\/WhatsApp-Image-2023-10-27-at-18.00.191.jpeg 1600w, https:\/\/tacuarembo.gub.uy\/wp-content\/uploads\/WhatsApp-Image-2023-10-27-at-18.00.191-768x513.jpeg 768w, https:\/\/tacuarembo.gub.uy\/wp-content\/uploads\/WhatsApp-Image-2023-10-27-at-18.00.191-1536x1025.jpeg 1536w\" sizes=\"auto, (max-width: 1600px) 100vw, 1600px\" \/><\/a>\n\t\t\t<\/dt><\/dl><br style=\"clear: both\" \/><dl class='gallery-item'>\n\t\t\t<dt class='gallery-icon landscape'>\n\t\t\t\t<a href='https:\/\/tacuarembo.gub.uy\/?attachment_id=22720'><img loading=\"lazy\" decoding=\"async\" width=\"1600\" height=\"1068\" src=\"https:\/\/tacuarembo.gub.uy\/wp-content\/uploads\/WhatsApp-Image-2023-10-27-at-18.00.19.jpeg\" class=\"attachment-full size-full\" alt=\"\" srcset=\"https:\/\/tacuarembo.gub.uy\/wp-content\/uploads\/WhatsApp-Image-2023-10-27-at-18.00.19.jpeg 1600w, https:\/\/tacuarembo.gub.uy\/wp-content\/uploads\/WhatsApp-Image-2023-10-27-at-18.00.19-768x513.jpeg 768w, https:\/\/tacuarembo.gub.uy\/wp-content\/uploads\/WhatsApp-Image-2023-10-27-at-18.00.19-1536x1025.jpeg 1536w\" sizes=\"auto, (max-width: 1600px) 100vw, 1600px\" \/><\/a>\n\t\t\t<\/dt><\/dl><dl class='gallery-item'>\n\t\t\t<dt class='gallery-icon landscape'>\n\t\t\t\t<a href='https:\/\/tacuarembo.gub.uy\/?attachment_id=22721'><img loading=\"lazy\" decoding=\"async\" width=\"1600\" height=\"1068\" src=\"https:\/\/tacuarembo.gub.uy\/wp-content\/uploads\/WhatsApp-Image-2023-10-27-at-18.00.182.jpeg\" class=\"attachment-full size-full\" alt=\"\" srcset=\"https:\/\/tacuarembo.gub.uy\/wp-content\/uploads\/WhatsApp-Image-2023-10-27-at-18.00.182.jpeg 1600w, https:\/\/tacuarembo.gub.uy\/wp-content\/uploads\/WhatsApp-Image-2023-10-27-at-18.00.182-768x513.jpeg 768w, https:\/\/tacuarembo.gub.uy\/wp-content\/uploads\/WhatsApp-Image-2023-10-27-at-18.00.182-1536x1025.jpeg 1536w\" sizes=\"auto, (max-width: 1600px) 100vw, 1600px\" \/><\/a>\n\t\t\t<\/dt><\/dl><dl class='gallery-item'>\n\t\t\t<dt class='gallery-icon landscape'>\n\t\t\t\t<a href='https:\/\/tacuarembo.gub.uy\/?attachment_id=22722'><img loading=\"lazy\" decoding=\"async\" width=\"1600\" height=\"1068\" src=\"https:\/\/tacuarembo.gub.uy\/wp-content\/uploads\/WhatsApp-Image-2023-10-27-at-18.00.181.jpeg\" class=\"attachment-full size-full\" alt=\"\" srcset=\"https:\/\/tacuarembo.gub.uy\/wp-content\/uploads\/WhatsApp-Image-2023-10-27-at-18.00.181.jpeg 1600w, https:\/\/tacuarembo.gub.uy\/wp-content\/uploads\/WhatsApp-Image-2023-10-27-at-18.00.181-768x513.jpeg 768w, https:\/\/tacuarembo.gub.uy\/wp-content\/uploads\/WhatsApp-Image-2023-10-27-at-18.00.181-1536x1025.jpeg 1536w\" sizes=\"auto, (max-width: 1600px) 100vw, 1600px\" \/><\/a>\n\t\t\t<\/dt><\/dl><br style=\"clear: both\" \/><dl class='gallery-item'>\n\t\t\t<dt class='gallery-icon landscape'>\n\t\t\t\t<a href='https:\/\/tacuarembo.gub.uy\/?attachment_id=22723'><img loading=\"lazy\" decoding=\"async\" width=\"1600\" height=\"1068\" src=\"https:\/\/tacuarembo.gub.uy\/wp-content\/uploads\/WhatsApp-Image-2023-10-27-at-18.00.18.jpeg\" class=\"attachment-full size-full\" alt=\"\" srcset=\"https:\/\/tacuarembo.gub.uy\/wp-content\/uploads\/WhatsApp-Image-2023-10-27-at-18.00.18.jpeg 1600w, https:\/\/tacuarembo.gub.uy\/wp-content\/uploads\/WhatsApp-Image-2023-10-27-at-18.00.18-768x513.jpeg 768w, https:\/\/tacuarembo.gub.uy\/wp-content\/uploads\/WhatsApp-Image-2023-10-27-at-18.00.18-1536x1025.jpeg 1536w\" sizes=\"auto, (max-width: 1600px) 100vw, 1600px\" \/><\/a>\n\t\t\t<\/dt><\/dl><dl class='gallery-item'>\n\t\t\t<dt class='gallery-icon landscape'>\n\t\t\t\t<a href='https:\/\/tacuarembo.gub.uy\/?attachment_id=22724'><img loading=\"lazy\" decoding=\"async\" width=\"1489\" height=\"1007\" src=\"https:\/\/tacuarembo.gub.uy\/wp-content\/uploads\/WhatsApp-Image-2023-10-27-at-18.00.172.jpeg\" class=\"attachment-full size-full\" alt=\"\" srcset=\"https:\/\/tacuarembo.gub.uy\/wp-content\/uploads\/WhatsApp-Image-2023-10-27-at-18.00.172.jpeg 1489w, https:\/\/tacuarembo.gub.uy\/wp-content\/uploads\/WhatsApp-Image-2023-10-27-at-18.00.172-768x519.jpeg 768w\" sizes=\"auto, (max-width: 1489px) 100vw, 1489px\" \/><\/a>\n\t\t\t<\/dt><\/dl><dl class='gallery-item'>\n\t\t\t<dt class='gallery-icon landscape'>\n\t\t\t\t<a href='https:\/\/tacuarembo.gub.uy\/?attachment_id=22725'><img loading=\"lazy\" decoding=\"async\" width=\"1600\" height=\"1068\" src=\"https:\/\/tacuarembo.gub.uy\/wp-content\/uploads\/WhatsApp-Image-2023-10-27-at-18.00.171.jpeg\" class=\"attachment-full size-full\" alt=\"\" srcset=\"https:\/\/tacuarembo.gub.uy\/wp-content\/uploads\/WhatsApp-Image-2023-10-27-at-18.00.171.jpeg 1600w, https:\/\/tacuarembo.gub.uy\/wp-content\/uploads\/WhatsApp-Image-2023-10-27-at-18.00.171-768x513.jpeg 768w, https:\/\/tacuarembo.gub.uy\/wp-content\/uploads\/WhatsApp-Image-2023-10-27-at-18.00.171-1536x1025.jpeg 1536w\" sizes=\"auto, (max-width: 1600px) 100vw, 1600px\" \/><\/a>\n\t\t\t<\/dt><\/dl><br style=\"clear: both\" \/><dl class='gallery-item'>\n\t\t\t<dt class='gallery-icon landscape'>\n\t\t\t\t<a href='https:\/\/tacuarembo.gub.uy\/?attachment_id=22726'><img loading=\"lazy\" decoding=\"async\" width=\"1600\" height=\"1068\" src=\"https:\/\/tacuarembo.gub.uy\/wp-content\/uploads\/WhatsApp-Image-2023-10-27-at-18.00.17.jpeg\" class=\"attachment-full size-full\" alt=\"\" srcset=\"https:\/\/tacuarembo.gub.uy\/wp-content\/uploads\/WhatsApp-Image-2023-10-27-at-18.00.17.jpeg 1600w, https:\/\/tacuarembo.gub.uy\/wp-content\/uploads\/WhatsApp-Image-2023-10-27-at-18.00.17-768x513.jpeg 768w, https:\/\/tacuarembo.gub.uy\/wp-content\/uploads\/WhatsApp-Image-2023-10-27-at-18.00.17-1536x1025.jpeg 1536w\" sizes=\"auto, (max-width: 1600px) 100vw, 1600px\" \/><\/a>\n\t\t\t<\/dt><\/dl><dl class='gallery-item'>\n\t\t\t<dt class='gallery-icon landscape'>\n\t\t\t\t<a href='https:\/\/tacuarembo.gub.uy\/?attachment_id=22727'><img loading=\"lazy\" decoding=\"async\" width=\"1600\" height=\"1068\" src=\"https:\/\/tacuarembo.gub.uy\/wp-content\/uploads\/WhatsApp-Image-2023-10-27-at-18.00.161.jpeg\" class=\"attachment-full size-full\" alt=\"\" srcset=\"https:\/\/tacuarembo.gub.uy\/wp-content\/uploads\/WhatsApp-Image-2023-10-27-at-18.00.161.jpeg 1600w, https:\/\/tacuarembo.gub.uy\/wp-content\/uploads\/WhatsApp-Image-2023-10-27-at-18.00.161-768x513.jpeg 768w, https:\/\/tacuarembo.gub.uy\/wp-content\/uploads\/WhatsApp-Image-2023-10-27-at-18.00.161-1536x1025.jpeg 1536w\" sizes=\"auto, (max-width: 1600px) 100vw, 1600px\" \/><\/a>\n\t\t\t<\/dt><\/dl><dl class='gallery-item'>\n\t\t\t<dt class='gallery-icon landscape'>\n\t\t\t\t<a href='https:\/\/tacuarembo.gub.uy\/?attachment_id=22728'><img loading=\"lazy\" decoding=\"async\" width=\"1600\" height=\"1068\" src=\"https:\/\/tacuarembo.gub.uy\/wp-content\/uploads\/WhatsApp-Image-2023-10-27-at-18.00.16.jpeg\" class=\"attachment-full size-full\" alt=\"\" srcset=\"https:\/\/tacuarembo.gub.uy\/wp-content\/uploads\/WhatsApp-Image-2023-10-27-at-18.00.16.jpeg 1600w, https:\/\/tacuarembo.gub.uy\/wp-content\/uploads\/WhatsApp-Image-2023-10-27-at-18.00.16-768x513.jpeg 768w, https:\/\/tacuarembo.gub.uy\/wp-content\/uploads\/WhatsApp-Image-2023-10-27-at-18.00.16-1536x1025.jpeg 1536w\" sizes=\"auto, (max-width: 1600px) 100vw, 1600px\" \/><\/a>\n\t\t\t<\/dt><\/dl><br style=\"clear: both\" \/>\n\t\t<\/div>\n","protected":false},"excerpt":{"rendered":"<p>La presentaci\u00f3n de la exposici\u00f3n en el Museo de Artes Visuales de Tacuaremb\u00f3 (MUART) cont\u00f3 con la presencia de la intendente interina, Greysi Ara\u00fajo, quien felicit\u00f3 al artista tacuaremboense por su trabajo y por difundir el arte uruguayo en el mundo.<\/p>\n","protected":false},"author":3,"featured_media":22708,"comment_status":"open","ping_status":"open","sticky":false,"template":"","format":"standard","meta":{"_eb_attr":"","footnotes":""},"categories":[18,16],"tags":[],"class_list":{"0":"post-22707","1":"post","2":"type-post","3":"status-publish","4":"format-standard","5":"has-post-thumbnail","7":"category-cultura","8":"category-noticias"},"_links":{"self":[{"href":"https:\/\/tacuarembo.gub.uy\/index.php?rest_route=\/wp\/v2\/posts\/22707","targetHints":{"allow":["GET"]}}],"collection":[{"href":"https:\/\/tacuarembo.gub.uy\/index.php?rest_route=\/wp\/v2\/posts"}],"about":[{"href":"https:\/\/tacuarembo.gub.uy\/index.php?rest_route=\/wp\/v2\/types\/post"}],"author":[{"embeddable":true,"href":"https:\/\/tacuarembo.gub.uy\/index.php?rest_route=\/wp\/v2\/users\/3"}],"replies":[{"embeddable":true,"href":"https:\/\/tacuarembo.gub.uy\/index.php?rest_route=%2Fwp%2Fv2%2Fcomments&post=22707"}],"version-history":[{"count":2,"href":"https:\/\/tacuarembo.gub.uy\/index.php?rest_route=\/wp\/v2\/posts\/22707\/revisions"}],"predecessor-version":[{"id":22729,"href":"https:\/\/tacuarembo.gub.uy\/index.php?rest_route=\/wp\/v2\/posts\/22707\/revisions\/22729"}],"wp:featuredmedia":[{"embeddable":true,"href":"https:\/\/tacuarembo.gub.uy\/index.php?rest_route=\/wp\/v2\/media\/22708"}],"wp:attachment":[{"href":"https:\/\/tacuarembo.gub.uy\/index.php?rest_route=%2Fwp%2Fv2%2Fmedia&parent=22707"}],"wp:term":[{"taxonomy":"category","embeddable":true,"href":"https:\/\/tacuarembo.gub.uy\/index.php?rest_route=%2Fwp%2Fv2%2Fcategories&post=22707"},{"taxonomy":"post_tag","embeddable":true,"href":"https:\/\/tacuarembo.gub.uy\/index.php?rest_route=%2Fwp%2Fv2%2Ftags&post=22707"}],"curies":[{"name":"wp","href":"https:\/\/api.w.org\/{rel}","templated":true}]}}