{"id":22703,"date":"2023-10-26T15:46:46","date_gmt":"2023-10-26T18:46:46","guid":{"rendered":"https:\/\/tacuarembo.gub.uy\/?p=22703"},"modified":"2023-10-26T15:46:48","modified_gmt":"2023-10-26T18:46:48","slug":"mes-de-las-personas-mayores-actividad-en-parque-rodo","status":"publish","type":"post","link":"https:\/\/tacuarembo.gub.uy\/?p=22703","title":{"rendered":"Mes de las Personas Mayores, actividad en Parque Rod\u00f3"},"content":{"rendered":"\n<p><br>La Intendencia de Tacuaremb\u00f3, Dir. Gral. de Desarrollo Social, Ofic. del Adulto Mayor, continuando con las actividades en el Mes de las Personas Mayores, invita a toda la poblaci\u00f3n para la instancia de recreaci\u00f3n que se estar\u00e1 realizando en el Parque Rod\u00f3, en coordinaci\u00f3n con la Dir. de Salud: se realizar\u00e1 ma\u00f1ana viernes 27 de octubre, desde las 14:30 hasta las 17:00 horas con las siguientes actividades: demostraci\u00f3n de zumba a cargo del Prof. Luc\u00eda Berm\u00fadez, control de presi\u00f3n arterial, culminando con una caminata hasta Laguna de las Lavanderas.<\/p>\n\n\n<p><img loading=\"lazy\" decoding=\"async\" width=\"1143\" height=\"1600\" class=\"alignnone size-full wp-image-22704\" src=\"https:\/\/tacuarembo.gub.uy\/wp-content\/uploads\/IMG-20231026-WA0116.jpg\" alt=\"\" srcset=\"https:\/\/tacuarembo.gub.uy\/wp-content\/uploads\/IMG-20231026-WA0116.jpg 1143w, https:\/\/tacuarembo.gub.uy\/wp-content\/uploads\/IMG-20231026-WA0116-768x1075.jpg 768w, https:\/\/tacuarembo.gub.uy\/wp-content\/uploads\/IMG-20231026-WA0116-1097x1536.jpg 1097w\" sizes=\"auto, (max-width: 1143px) 100vw, 1143px\" \/><\/p>","protected":false},"excerpt":{"rendered":"<p>La Intendencia de Tacuaremb\u00f3, Dir. Gral. de Desarrollo Social, Ofic. del Adulto Mayor, continuando con las actividades en el Mes de las Personas Mayores, invita a toda la poblaci\u00f3n para la instancia de recreaci\u00f3n que se estar\u00e1 realizando en el Parque Rod\u00f3, en coordinaci\u00f3n con la Dir. de Salud<\/p>\n","protected":false},"author":3,"featured_media":22704,"comment_status":"open","ping_status":"open","sticky":false,"template":"","format":"standard","meta":{"_eb_attr":"","footnotes":""},"categories":[38],"tags":[],"class_list":{"0":"post-22703","1":"post","2":"type-post","3":"status-publish","4":"format-standard","5":"has-post-thumbnail","7":"category-comunicados-de-prensa"},"_links":{"self":[{"href":"https:\/\/tacuarembo.gub.uy\/index.php?rest_route=\/wp\/v2\/posts\/22703","targetHints":{"allow":["GET"]}}],"collection":[{"href":"https:\/\/tacuarembo.gub.uy\/index.php?rest_route=\/wp\/v2\/posts"}],"about":[{"href":"https:\/\/tacuarembo.gub.uy\/index.php?rest_route=\/wp\/v2\/types\/post"}],"author":[{"embeddable":true,"href":"https:\/\/tacuarembo.gub.uy\/index.php?rest_route=\/wp\/v2\/users\/3"}],"replies":[{"embeddable":true,"href":"https:\/\/tacuarembo.gub.uy\/index.php?rest_route=%2Fwp%2Fv2%2Fcomments&post=22703"}],"version-history":[{"count":1,"href":"https:\/\/tacuarembo.gub.uy\/index.php?rest_route=\/wp\/v2\/posts\/22703\/revisions"}],"predecessor-version":[{"id":22705,"href":"https:\/\/tacuarembo.gub.uy\/index.php?rest_route=\/wp\/v2\/posts\/22703\/revisions\/22705"}],"wp:featuredmedia":[{"embeddable":true,"href":"https:\/\/tacuarembo.gub.uy\/index.php?rest_route=\/wp\/v2\/media\/22704"}],"wp:attachment":[{"href":"https:\/\/tacuarembo.gub.uy\/index.php?rest_route=%2Fwp%2Fv2%2Fmedia&parent=22703"}],"wp:term":[{"taxonomy":"category","embeddable":true,"href":"https:\/\/tacuarembo.gub.uy\/index.php?rest_route=%2Fwp%2Fv2%2Fcategories&post=22703"},{"taxonomy":"post_tag","embeddable":true,"href":"https:\/\/tacuarembo.gub.uy\/index.php?rest_route=%2Fwp%2Fv2%2Ftags&post=22703"}],"curies":[{"name":"wp","href":"https:\/\/api.w.org\/{rel}","templated":true}]}}