{"id":22659,"date":"2023-10-25T19:10:39","date_gmt":"2023-10-25T22:10:39","guid":{"rendered":"https:\/\/tacuarembo.gub.uy\/?p=22659"},"modified":"2023-11-07T16:02:35","modified_gmt":"2023-11-07T19:02:35","slug":"inscriben-para-participar-de-la-12a-edicion-del-encuentro-de-los-anos-dorados","status":"publish","type":"post","link":"https:\/\/tacuarembo.gub.uy\/?p=22659","title":{"rendered":"Inscriben para participar de la 12\u00aa edici\u00f3n del Encuentro de los A\u00f1os Dorados"},"content":{"rendered":"\n<p>El evento, que re\u00fane a delegaciones de abuelos de todo el pa\u00eds, volver\u00e1 a realizarse luego de su interrupci\u00f3n por la pandemia. La esperada edici\u00f3n ser\u00e1 los d\u00edas viernes 24, s\u00e1bado 25 y domingo 26 de noviembre, en San Gregorio de Polanco, con la organizaci\u00f3n de la Intendencia de Tacuaremb\u00f3.<\/p>\n\n\n\n<p>Cabe recordar que esta propuesta surgi\u00f3 en el a\u00f1o 2009 a iniciativa del Intendente Wilson Ezquerra, como forma de crear un espacio para el adulto mayor, con actividades de integraci\u00f3n sociocultural y art\u00edstica, adem\u00e1s de reconocer el aporte que realizan y brindarles el homenaje y el agradecimiento que merecen<\/p>\n\n\n\n<p>La intendente interina de la IDT, Greysi Ara\u00fajo, estuvo presente en la conferencia de prensa y respald\u00f3 la realizaci\u00f3n de la actividad en San Gregorio de Polanco, lugar al que defini\u00f3 como \u201cmaravilloso y con una imagen natural innata\u201d.<\/p>\n\n\n\n<p>Raquel Hern\u00e1ndez y Viviana Rodr\u00edguez, integrantes de la Comisi\u00f3n Organizadora de Los A\u00f1os Dorados, invitaron a todos los abuelos y abuelas a sumarse al evento y recordaron que, si bien est\u00e1 dirigido a grupos organizados de adultos mayores, tambi\u00e9n pueden participar aquellas personas que tengan ganas de disfrutar de esta competencia que otorgar\u00e1 diferentes premios.<\/p>\n\n\n\n<p>Adem\u00e1s, hicieron hincapi\u00e9 en el esfuerzo que hacen las organizaciones para ensayar y formar parte de tres d\u00edas llenos de diversi\u00f3n, donde los abuelos aportan el espect\u00e1culo principal.<\/p>\n\n\n\n<p><em>Costos e inscripciones<\/em><\/p>\n\n\n\n<p>El precio para participar es de 5500 pesos por persona: incluye alojamiento, alimentaci\u00f3n, espect\u00e1culos y la participaci\u00f3n en el evento. El monto se puede financiar a trav\u00e9s del Programa Turismo Social del Banco de Previsi\u00f3n Social (BPS) hasta en cuanto cuotas que ser\u00e1n descontadas de la presi\u00f3n o la jubilaci\u00f3n. Hay un costo diferencial de 3500 pesos para quienes viven en San Gregorio de Polanco o aquellos que cuentan alojamiento para quedarse.<\/p>\n\n\n\n\t\t<style type=\"text\/css\">\n\t\t\t#gallery-1 {\n\t\t\t\tmargin: auto;\n\t\t\t}\n\t\t\t#gallery-1 .gallery-item {\n\t\t\t\tfloat: left;\n\t\t\t\tmargin-top: 10px;\n\t\t\t\ttext-align: center;\n\t\t\t\twidth: 33%;\n\t\t\t}\n\t\t\t#gallery-1 img {\n\t\t\t\tborder: 2px solid #cfcfcf;\n\t\t\t}\n\t\t\t#gallery-1 .gallery-caption {\n\t\t\t\tmargin-left: 0;\n\t\t\t}\n\t\t\t\/* see gallery_shortcode() in wp-includes\/media.php *\/\n\t\t<\/style>\n\t\t<div id='gallery-1' class='gallery galleryid-22659 gallery-columns-3 gallery-size-thumbnail'><dl class='gallery-item'>\n\t\t\t<dt class='gallery-icon landscape'>\n\t\t\t\t<a href='https:\/\/tacuarembo.gub.uy\/?attachment_id=22660'><img loading=\"lazy\" decoding=\"async\" width=\"200\" height=\"140\" src=\"https:\/\/tacuarembo.gub.uy\/wp-content\/uploads\/IMG-20231025-WA0032-200x140.jpg\" class=\"attachment-thumbnail size-thumbnail\" alt=\"\" \/><\/a>\n\t\t\t<\/dt><\/dl><dl class='gallery-item'>\n\t\t\t<dt class='gallery-icon landscape'>\n\t\t\t\t<a href='https:\/\/tacuarembo.gub.uy\/?attachment_id=22661'><img loading=\"lazy\" decoding=\"async\" width=\"200\" height=\"140\" src=\"https:\/\/tacuarembo.gub.uy\/wp-content\/uploads\/IMG-20231025-WA0031-200x140.jpg\" class=\"attachment-thumbnail size-thumbnail\" alt=\"\" srcset=\"https:\/\/tacuarembo.gub.uy\/wp-content\/uploads\/IMG-20231025-WA0031-200x140.jpg 200w, https:\/\/tacuarembo.gub.uy\/wp-content\/uploads\/IMG-20231025-WA0031.jpg 768w\" sizes=\"auto, (max-width: 200px) 100vw, 200px\" \/><\/a>\n\t\t\t<\/dt><\/dl><dl class='gallery-item'>\n\t\t\t<dt class='gallery-icon landscape'>\n\t\t\t\t<a href='https:\/\/tacuarembo.gub.uy\/?attachment_id=22662'><img loading=\"lazy\" decoding=\"async\" width=\"200\" height=\"140\" src=\"https:\/\/tacuarembo.gub.uy\/wp-content\/uploads\/IMG-20231025-WA0029-200x140.jpg\" class=\"attachment-thumbnail size-thumbnail\" alt=\"\" \/><\/a>\n\t\t\t<\/dt><\/dl><br style=\"clear: both\" \/><dl class='gallery-item'>\n\t\t\t<dt class='gallery-icon landscape'>\n\t\t\t\t<a href='https:\/\/tacuarembo.gub.uy\/?attachment_id=22663'><img loading=\"lazy\" decoding=\"async\" width=\"200\" height=\"140\" src=\"https:\/\/tacuarembo.gub.uy\/wp-content\/uploads\/IMG-20231025-WA0030-200x140.jpg\" class=\"attachment-thumbnail size-thumbnail\" alt=\"\" \/><\/a>\n\t\t\t<\/dt><\/dl><dl class='gallery-item'>\n\t\t\t<dt class='gallery-icon landscape'>\n\t\t\t\t<a href='https:\/\/tacuarembo.gub.uy\/?attachment_id=22664'><img loading=\"lazy\" decoding=\"async\" width=\"200\" height=\"140\" src=\"https:\/\/tacuarembo.gub.uy\/wp-content\/uploads\/IMG-20231025-WA0027-200x140.jpg\" class=\"attachment-thumbnail size-thumbnail\" alt=\"\" \/><\/a>\n\t\t\t<\/dt><\/dl><dl class='gallery-item'>\n\t\t\t<dt class='gallery-icon landscape'>\n\t\t\t\t<a href='https:\/\/tacuarembo.gub.uy\/?attachment_id=22665'><img loading=\"lazy\" decoding=\"async\" width=\"200\" height=\"140\" src=\"https:\/\/tacuarembo.gub.uy\/wp-content\/uploads\/IMG-20231025-WA0028-200x140.jpg\" class=\"attachment-thumbnail size-thumbnail\" alt=\"\" \/><\/a>\n\t\t\t<\/dt><\/dl><br style=\"clear: both\" \/><dl class='gallery-item'>\n\t\t\t<dt class='gallery-icon landscape'>\n\t\t\t\t<a href='https:\/\/tacuarembo.gub.uy\/?attachment_id=22666'><img loading=\"lazy\" decoding=\"async\" width=\"200\" height=\"140\" src=\"https:\/\/tacuarembo.gub.uy\/wp-content\/uploads\/IMG-20231025-WA0026-200x140.jpg\" class=\"attachment-thumbnail size-thumbnail\" alt=\"\" \/><\/a>\n\t\t\t<\/dt><\/dl>\n\t\t\t<br style='clear: both' \/>\n\t\t<\/div>\n\n\n\n<p>Las inscripciones cerrar\u00e1n el d\u00eda 23 de noviembre y se pueden realizar a trav\u00e9s del correo electr\u00f3nico adoradostacuarembo@gmail.com o mediante los tel\u00e9fonos 4632 4671 (interno 181) de 12.30 a 18 horas y el 4369 4013 de 8 a 16.<\/p>\n\n\n\n<p>La presentaci\u00f3n tambi\u00e9n cont\u00f3 con la participaci\u00f3n del secretario general de la IDT, Jos\u00e9 Omar Men\u00e9ndez y el equipo de la Oficina del Adulto Mayor de la Direcci\u00f3n General de Desarrollo Social.<\/p>\n\n\n\n<p><em>En el archivo adjunto se puede consultar la programaci\u00f3n completa.<\/em><\/p>\n\n\n\n<div data-wp-interactive=\"core\/file\" class=\"wp-block-file\"><object data-wp-bind--hidden=\"!state.hasPdfPreview\" hidden class=\"wp-block-file__embed\" data=\"https:\/\/tacuarembo.gub.uy\/wp-content\/uploads\/DOC-20231025-WA0033_231025_171629.pdf\" type=\"application\/pdf\" style=\"width:100%;height:600px\" aria-label=\"PDF incrustado\"><\/object><a href=\"https:\/\/tacuarembo.gub.uy\/wp-content\/uploads\/DOC-20231025-WA0033_231025_171629.pdf\" class=\"wp-block-file__button wp-element-button\" download><strong>Descargar Programaci\u00f3n<\/strong><\/a><\/div>\n","protected":false},"excerpt":{"rendered":"<p>El evento, que re\u00fane a delegaciones de abuelos de todo el pa\u00eds, volver\u00e1 a realizarse luego de su interrupci\u00f3n por la pandemia. La esperada edici\u00f3n ser\u00e1 los d\u00edas viernes 24, s\u00e1bado 25 y domingo 26 de noviembre, en San Gregorio de Polanco, con la organizaci\u00f3n de la Intendencia de Tacuaremb\u00f3<\/p>\n","protected":false},"author":3,"featured_media":22665,"comment_status":"open","ping_status":"open","sticky":false,"template":"","format":"standard","meta":{"_eb_attr":"","footnotes":""},"categories":[31,16],"tags":[],"class_list":{"0":"post-22659","1":"post","2":"type-post","3":"status-publish","4":"format-standard","5":"has-post-thumbnail","7":"category-deportes","8":"category-noticias"},"_links":{"self":[{"href":"https:\/\/tacuarembo.gub.uy\/index.php?rest_route=\/wp\/v2\/posts\/22659","targetHints":{"allow":["GET"]}}],"collection":[{"href":"https:\/\/tacuarembo.gub.uy\/index.php?rest_route=\/wp\/v2\/posts"}],"about":[{"href":"https:\/\/tacuarembo.gub.uy\/index.php?rest_route=\/wp\/v2\/types\/post"}],"author":[{"embeddable":true,"href":"https:\/\/tacuarembo.gub.uy\/index.php?rest_route=\/wp\/v2\/users\/3"}],"replies":[{"embeddable":true,"href":"https:\/\/tacuarembo.gub.uy\/index.php?rest_route=%2Fwp%2Fv2%2Fcomments&post=22659"}],"version-history":[{"count":2,"href":"https:\/\/tacuarembo.gub.uy\/index.php?rest_route=\/wp\/v2\/posts\/22659\/revisions"}],"predecessor-version":[{"id":22670,"href":"https:\/\/tacuarembo.gub.uy\/index.php?rest_route=\/wp\/v2\/posts\/22659\/revisions\/22670"}],"wp:featuredmedia":[{"embeddable":true,"href":"https:\/\/tacuarembo.gub.uy\/index.php?rest_route=\/wp\/v2\/media\/22665"}],"wp:attachment":[{"href":"https:\/\/tacuarembo.gub.uy\/index.php?rest_route=%2Fwp%2Fv2%2Fmedia&parent=22659"}],"wp:term":[{"taxonomy":"category","embeddable":true,"href":"https:\/\/tacuarembo.gub.uy\/index.php?rest_route=%2Fwp%2Fv2%2Fcategories&post=22659"},{"taxonomy":"post_tag","embeddable":true,"href":"https:\/\/tacuarembo.gub.uy\/index.php?rest_route=%2Fwp%2Fv2%2Ftags&post=22659"}],"curies":[{"name":"wp","href":"https:\/\/api.w.org\/{rel}","templated":true}]}}