{"id":22653,"date":"2023-10-25T13:54:01","date_gmt":"2023-10-25T16:54:01","guid":{"rendered":"https:\/\/tacuarembo.gub.uy\/?p=22653"},"modified":"2023-10-25T13:54:04","modified_gmt":"2023-10-25T16:54:04","slug":"fisioterapia-grupal-en-san-gregorio-de-polanco","status":"publish","type":"post","link":"https:\/\/tacuarembo.gub.uy\/?p=22653","title":{"rendered":"Fisioterapia grupal en San Gregorio de Polanco"},"content":{"rendered":"\n<p><br>La Intendencia de Tacuaremb\u00f3, Dir. Gral. de Desarrollo Social, Ofic. del Adulto Mayor informa que, conjuntamente con el Municipio de San Gregorio de Polanco, dar\u00e1n comienzo en la localidad actividades de Fisioterapia Grupal a cargo de la Fisioterapeuta Grecia Porto. Se realizar\u00e1n en Casa de la Cultura del lugar, los d\u00edas mi\u00e9rcoles de 15:30 a 16:30 horas, para lo cual todas aquellas personas interesadas mayores de 60 a\u00f1os deber\u00e1n inscribirse en el Municipio o Casa de la Cultura, destacando que dicha actividad tambi\u00e9n se realizar\u00e1 en la Asociaci\u00f3n de Jubilados AJUPEN de San Gregorio en horario de 14:30 a 15:30 horas, por mayor informaci\u00f3n dirigirse al Municipio.<\/p>\n","protected":false},"excerpt":{"rendered":"<p>La Intendencia de Tacuaremb\u00f3, Dir. Gral. de Desarrollo Social, Ofic. del Adulto Mayor informa que, conjuntamente con el Municipio de San Gregorio de Polanco, dar\u00e1n comienzo en la localidad actividades de Fisioterapia Grupal a cargo de la Fisioterapeuta Grecia Porto<\/p>\n","protected":false},"author":3,"featured_media":22654,"comment_status":"open","ping_status":"open","sticky":false,"template":"","format":"standard","meta":{"_eb_attr":"","footnotes":""},"categories":[38],"tags":[],"class_list":{"0":"post-22653","1":"post","2":"type-post","3":"status-publish","4":"format-standard","5":"has-post-thumbnail","7":"category-comunicados-de-prensa"},"_links":{"self":[{"href":"https:\/\/tacuarembo.gub.uy\/index.php?rest_route=\/wp\/v2\/posts\/22653","targetHints":{"allow":["GET"]}}],"collection":[{"href":"https:\/\/tacuarembo.gub.uy\/index.php?rest_route=\/wp\/v2\/posts"}],"about":[{"href":"https:\/\/tacuarembo.gub.uy\/index.php?rest_route=\/wp\/v2\/types\/post"}],"author":[{"embeddable":true,"href":"https:\/\/tacuarembo.gub.uy\/index.php?rest_route=\/wp\/v2\/users\/3"}],"replies":[{"embeddable":true,"href":"https:\/\/tacuarembo.gub.uy\/index.php?rest_route=%2Fwp%2Fv2%2Fcomments&post=22653"}],"version-history":[{"count":1,"href":"https:\/\/tacuarembo.gub.uy\/index.php?rest_route=\/wp\/v2\/posts\/22653\/revisions"}],"predecessor-version":[{"id":22655,"href":"https:\/\/tacuarembo.gub.uy\/index.php?rest_route=\/wp\/v2\/posts\/22653\/revisions\/22655"}],"wp:featuredmedia":[{"embeddable":true,"href":"https:\/\/tacuarembo.gub.uy\/index.php?rest_route=\/wp\/v2\/media\/22654"}],"wp:attachment":[{"href":"https:\/\/tacuarembo.gub.uy\/index.php?rest_route=%2Fwp%2Fv2%2Fmedia&parent=22653"}],"wp:term":[{"taxonomy":"category","embeddable":true,"href":"https:\/\/tacuarembo.gub.uy\/index.php?rest_route=%2Fwp%2Fv2%2Fcategories&post=22653"},{"taxonomy":"post_tag","embeddable":true,"href":"https:\/\/tacuarembo.gub.uy\/index.php?rest_route=%2Fwp%2Fv2%2Ftags&post=22653"}],"curies":[{"name":"wp","href":"https:\/\/api.w.org\/{rel}","templated":true}]}}