{"id":22612,"date":"2023-10-20T21:31:46","date_gmt":"2023-10-21T00:31:46","guid":{"rendered":"https:\/\/tacuarembo.gub.uy\/?p=22612"},"modified":"2023-10-20T22:10:23","modified_gmt":"2023-10-21T01:10:23","slug":"solidaridad-idt-distribuyo-54-mil-platos-calientes-en-todo-el-departamento","status":"publish","type":"post","link":"https:\/\/tacuarembo.gub.uy\/?p=22612","title":{"rendered":"Solidaridad: IDT distribuy\u00f3 54 mil platos calientes en todo el departamento"},"content":{"rendered":"\n<p>La cifra fue confirmada por el Intendente, Wilson Ezquerra, en el cierre del Programa Plato Caliente que se desarroll\u00f3 durante gran parte de este a\u00f1o mediante la entrega de 690 platos diarios, con la finalidad de ayudar a las personas que se encuentran en un contexto social vulnerable.<\/p>\n\n\n\n<p>\u201cComo gobierno departamental intentamos llegar durante el invierno a los hogares m\u00e1s carenciados y con necesidades, en una \u00e9poca en donde indudablemente se necesita de una alimentaci\u00f3n m\u00e1s adecuada. Todo esto fue posible gracias a la articulaci\u00f3n con el gobierno nacional, a trav\u00e9s de la Oficina Territorial del Mides, el apoyo del Ej\u00e9rcito Nacional y la Polic\u00eda, as\u00ed como las Juntas Locales y los directores de las diferentes \u00e1reas de la Intendencia de Tacuaremb\u00f3\u201d, indic\u00f3 el Intendente.<\/p>\n\n\n\n<p>En ese sentido, resalt\u00f3 el rol del secretario general, Jos\u00e9 Omar Men\u00e9dez, y de los funcionarios municipales por el esfuerzo y la dedicaci\u00f3n que han puesto para que en cada plato se sienta el cari\u00f1o que hay detr\u00e1s\u201d. Adem\u00e1s, agradeci\u00f3 especialmente al Ej\u00e9rcito Nacional que colabor\u00f3 con la elaboraci\u00f3n y distribuci\u00f3n de los platos calientes y afirm\u00f3 que \u201csiempre es un aliado en situaciones de emergencia y otras instancias en donde se los ha necesitado\u201d.<\/p>\n\n\n\n<p>Agreg\u00f3 que \u201ces una inversi\u00f3n social que se puede realizar gracias al aporte de quienes pagan sus tributos y con ellos podemos ayudar a los que m\u00e1s lo necesitan, tanto en Tacuaremb\u00f3 como en el interior profundo, donde no se cuenta con el servicio de comedor\u201d.<\/p>\n\n\n\n<p>A esto se agregan 4000 canastas de alimentos proporcionadas por la IDT, que se suman a las que tambi\u00e9n entrega el Mides en Tacuaremb\u00f3, y que son distribuidas en todo el departamento.<\/p>\n\n\n\n<p>El director departamental del Mides, Ignacio Borad, dijo que en el marco de las pol\u00edticas integrales de atenci\u00f3n, el plato caliente se suma de manera zafral y es una gran herramienta que contribuye a la asistencia alimentaria\u201d.<\/p>\n\n\n\n<p>Resalt\u00f3 que \u201ccomo respuesta a personas en situaci\u00f3n de calle, gracias a un acuerdo con la Intendencia de Tacuaremb\u00f3 -que nos cedi\u00f3 el terreno, paga las tarifas p\u00fablicas y realiza el mantenimiento- y la colaboraci\u00f3n de la Sociedad de Productores Forestales, tenemos cinco contenedores equipados a los que asistieron unas 81 personas durante el invierno e hicieron uso del servicio que cuenta con atenci\u00f3n integral para el acompa\u00f1amiento del usuario y su familia, as\u00ed como alimentaci\u00f3n\u201d. A\u00f1adi\u00f3 que \u201choy en d\u00eda hemos logrado la extensi\u00f3n de lo transitorio y eso es gracias a una pol\u00edtica definida a nivel nacional y al trabajo que se desarrolla a nivel local\u201d.<\/p>\n\n\n\n<p>La directora nacional de Protecci\u00f3n Social del Mides, Mar\u00eda Fernanda Auersperg, se\u00f1al\u00f3 que \u201cpara nosotros es muy importante venir al territorio y evaluar c\u00f3mo ha sido el trabajo, no s\u00f3lo en invierno sino durante todo el a\u00f1o. Los equipos hacen un excelente trabajo, m\u00e1s all\u00e1 del plato caliente y el lugar para dormir, hay otros factores que rodean a las personas en situaci\u00f3n de calle que requieren de un abordaje especial\u201d.<\/p>\n\n\n\n<p>Por \u00faltimo, Auersperg se\u00f1al\u00f3 que \u201ctener un plan invierno a nivel nacional y no centralizar todo en Montevideo fue uno de los objetivos trazados y gracias a la articulaci\u00f3n de la Intendencia de Tacuaremb\u00f3, el Ej\u00e9rcito Nacional, la Polic\u00eda y la Oficina Territorial del Mides se ha podido lograr\u201d.<\/p>\n\n\n\n\t\t<style type=\"text\/css\">\n\t\t\t#gallery-1 {\n\t\t\t\tmargin: auto;\n\t\t\t}\n\t\t\t#gallery-1 .gallery-item {\n\t\t\t\tfloat: left;\n\t\t\t\tmargin-top: 10px;\n\t\t\t\ttext-align: center;\n\t\t\t\twidth: 33%;\n\t\t\t}\n\t\t\t#gallery-1 img {\n\t\t\t\tborder: 2px solid #cfcfcf;\n\t\t\t}\n\t\t\t#gallery-1 .gallery-caption {\n\t\t\t\tmargin-left: 0;\n\t\t\t}\n\t\t\t\/* see gallery_shortcode() in wp-includes\/media.php *\/\n\t\t<\/style>\n\t\t<div id='gallery-1' class='gallery galleryid-22612 gallery-columns-3 gallery-size-thumbnail'><dl class='gallery-item'>\n\t\t\t<dt class='gallery-icon landscape'>\n\t\t\t\t<a href='https:\/\/tacuarembo.gub.uy\/?attachment_id=22614'><img loading=\"lazy\" decoding=\"async\" width=\"200\" height=\"140\" src=\"https:\/\/tacuarembo.gub.uy\/wp-content\/uploads\/IMG-20231020-WA0062-200x140.jpg\" class=\"attachment-thumbnail size-thumbnail\" alt=\"\" \/><\/a>\n\t\t\t<\/dt><\/dl><dl class='gallery-item'>\n\t\t\t<dt class='gallery-icon landscape'>\n\t\t\t\t<a href='https:\/\/tacuarembo.gub.uy\/?attachment_id=22615'><img loading=\"lazy\" decoding=\"async\" width=\"200\" height=\"140\" src=\"https:\/\/tacuarembo.gub.uy\/wp-content\/uploads\/IMG-20231020-WA0060-200x140.jpg\" class=\"attachment-thumbnail size-thumbnail\" alt=\"\" \/><\/a>\n\t\t\t<\/dt><\/dl><dl class='gallery-item'>\n\t\t\t<dt class='gallery-icon landscape'>\n\t\t\t\t<a href='https:\/\/tacuarembo.gub.uy\/?attachment_id=22616'><img loading=\"lazy\" decoding=\"async\" width=\"200\" height=\"140\" src=\"https:\/\/tacuarembo.gub.uy\/wp-content\/uploads\/IMG-20231020-WA0063-200x140.jpg\" class=\"attachment-thumbnail size-thumbnail\" alt=\"\" \/><\/a>\n\t\t\t<\/dt><\/dl><br style=\"clear: both\" \/><dl class='gallery-item'>\n\t\t\t<dt class='gallery-icon landscape'>\n\t\t\t\t<a href='https:\/\/tacuarembo.gub.uy\/?attachment_id=22617'><img loading=\"lazy\" decoding=\"async\" width=\"200\" height=\"140\" src=\"https:\/\/tacuarembo.gub.uy\/wp-content\/uploads\/IMG-20231020-WA0065-200x140.jpg\" class=\"attachment-thumbnail size-thumbnail\" alt=\"\" \/><\/a>\n\t\t\t<\/dt><\/dl><dl class='gallery-item'>\n\t\t\t<dt class='gallery-icon landscape'>\n\t\t\t\t<a href='https:\/\/tacuarembo.gub.uy\/?attachment_id=22618'><img loading=\"lazy\" decoding=\"async\" width=\"200\" height=\"140\" src=\"https:\/\/tacuarembo.gub.uy\/wp-content\/uploads\/IMG-20231020-WA00661-200x140.jpg\" class=\"attachment-thumbnail size-thumbnail\" alt=\"\" \/><\/a>\n\t\t\t<\/dt><\/dl><dl class='gallery-item'>\n\t\t\t<dt class='gallery-icon landscape'>\n\t\t\t\t<a href='https:\/\/tacuarembo.gub.uy\/?attachment_id=22619'><img loading=\"lazy\" decoding=\"async\" width=\"200\" height=\"140\" src=\"https:\/\/tacuarembo.gub.uy\/wp-content\/uploads\/IMG-20231020-WA00671-200x140.jpg\" class=\"attachment-thumbnail size-thumbnail\" alt=\"\" \/><\/a>\n\t\t\t<\/dt><\/dl><br style=\"clear: both\" \/><dl class='gallery-item'>\n\t\t\t<dt class='gallery-icon landscape'>\n\t\t\t\t<a href='https:\/\/tacuarembo.gub.uy\/?attachment_id=22621'><img loading=\"lazy\" decoding=\"async\" width=\"200\" height=\"140\" src=\"https:\/\/tacuarembo.gub.uy\/wp-content\/uploads\/IMG-20231020-WA00681-200x140.jpg\" class=\"attachment-thumbnail size-thumbnail\" alt=\"\" \/><\/a>\n\t\t\t<\/dt><\/dl><dl class='gallery-item'>\n\t\t\t<dt class='gallery-icon landscape'>\n\t\t\t\t<a href='https:\/\/tacuarembo.gub.uy\/?attachment_id=22622'><img loading=\"lazy\" decoding=\"async\" width=\"200\" height=\"140\" src=\"https:\/\/tacuarembo.gub.uy\/wp-content\/uploads\/IMG-20231020-WA00691-200x140.jpg\" class=\"attachment-thumbnail size-thumbnail\" alt=\"\" \/><\/a>\n\t\t\t<\/dt><\/dl><dl class='gallery-item'>\n\t\t\t<dt class='gallery-icon landscape'>\n\t\t\t\t<a href='https:\/\/tacuarembo.gub.uy\/?attachment_id=22623'><img loading=\"lazy\" decoding=\"async\" width=\"200\" height=\"140\" src=\"https:\/\/tacuarembo.gub.uy\/wp-content\/uploads\/IMG-20231020-WA00701-200x140.jpg\" class=\"attachment-thumbnail size-thumbnail\" alt=\"\" \/><\/a>\n\t\t\t<\/dt><\/dl><br style=\"clear: both\" \/><dl class='gallery-item'>\n\t\t\t<dt class='gallery-icon portrait'>\n\t\t\t\t<a href='https:\/\/tacuarembo.gub.uy\/?attachment_id=22624'><img loading=\"lazy\" decoding=\"async\" width=\"200\" height=\"140\" src=\"https:\/\/tacuarembo.gub.uy\/wp-content\/uploads\/IMG-20231020-WA00711-200x140.jpg\" class=\"attachment-thumbnail size-thumbnail\" alt=\"\" \/><\/a>\n\t\t\t<\/dt><\/dl><dl class='gallery-item'>\n\t\t\t<dt class='gallery-icon landscape'>\n\t\t\t\t<a href='https:\/\/tacuarembo.gub.uy\/?attachment_id=22625'><img loading=\"lazy\" decoding=\"async\" width=\"200\" height=\"140\" src=\"https:\/\/tacuarembo.gub.uy\/wp-content\/uploads\/IMG-20231020-WA00721-200x140.jpg\" class=\"attachment-thumbnail size-thumbnail\" alt=\"\" \/><\/a>\n\t\t\t<\/dt><\/dl><dl class='gallery-item'>\n\t\t\t<dt class='gallery-icon landscape'>\n\t\t\t\t<a href='https:\/\/tacuarembo.gub.uy\/?attachment_id=22626'><img loading=\"lazy\" decoding=\"async\" width=\"200\" height=\"140\" src=\"https:\/\/tacuarembo.gub.uy\/wp-content\/uploads\/IMG-20231020-WA00591-200x140.jpg\" class=\"attachment-thumbnail size-thumbnail\" alt=\"\" \/><\/a>\n\t\t\t<\/dt><\/dl><br style=\"clear: both\" \/>\n\t\t<\/div>\n","protected":false},"excerpt":{"rendered":"<p>La cifra fue confirmada por el Intendente, Wilson Ezquerra, en el cierre del Programa Plato Caliente que se desarroll\u00f3 durante gran parte de este a\u00f1o mediante la entrega de 690 platos diarios, con la finalidad de ayudar a las personas que se encuentran en un contexto social vulnerable<\/p>\n","protected":false},"author":3,"featured_media":22628,"comment_status":"open","ping_status":"open","sticky":false,"template":"","format":"standard","meta":{"_eb_attr":"","footnotes":""},"categories":[16],"tags":[],"class_list":{"0":"post-22612","1":"post","2":"type-post","3":"status-publish","4":"format-standard","5":"has-post-thumbnail","7":"category-noticias"},"_links":{"self":[{"href":"https:\/\/tacuarembo.gub.uy\/index.php?rest_route=\/wp\/v2\/posts\/22612","targetHints":{"allow":["GET"]}}],"collection":[{"href":"https:\/\/tacuarembo.gub.uy\/index.php?rest_route=\/wp\/v2\/posts"}],"about":[{"href":"https:\/\/tacuarembo.gub.uy\/index.php?rest_route=\/wp\/v2\/types\/post"}],"author":[{"embeddable":true,"href":"https:\/\/tacuarembo.gub.uy\/index.php?rest_route=\/wp\/v2\/users\/3"}],"replies":[{"embeddable":true,"href":"https:\/\/tacuarembo.gub.uy\/index.php?rest_route=%2Fwp%2Fv2%2Fcomments&post=22612"}],"version-history":[{"count":2,"href":"https:\/\/tacuarembo.gub.uy\/index.php?rest_route=\/wp\/v2\/posts\/22612\/revisions"}],"predecessor-version":[{"id":22627,"href":"https:\/\/tacuarembo.gub.uy\/index.php?rest_route=\/wp\/v2\/posts\/22612\/revisions\/22627"}],"wp:featuredmedia":[{"embeddable":true,"href":"https:\/\/tacuarembo.gub.uy\/index.php?rest_route=\/wp\/v2\/media\/22628"}],"wp:attachment":[{"href":"https:\/\/tacuarembo.gub.uy\/index.php?rest_route=%2Fwp%2Fv2%2Fmedia&parent=22612"}],"wp:term":[{"taxonomy":"category","embeddable":true,"href":"https:\/\/tacuarembo.gub.uy\/index.php?rest_route=%2Fwp%2Fv2%2Fcategories&post=22612"},{"taxonomy":"post_tag","embeddable":true,"href":"https:\/\/tacuarembo.gub.uy\/index.php?rest_route=%2Fwp%2Fv2%2Ftags&post=22612"}],"curies":[{"name":"wp","href":"https:\/\/api.w.org\/{rel}","templated":true}]}}