{"id":22278,"date":"2023-10-03T19:37:58","date_gmt":"2023-10-03T22:37:58","guid":{"rendered":"https:\/\/tacuarembo.gub.uy\/?p=22278"},"modified":"2023-10-03T19:38:00","modified_gmt":"2023-10-03T22:38:00","slug":"artistas-tacuaremboenses-compartieron-con-orgullo-nuestras-tradiciones-en-gira-por-europa","status":"publish","type":"post","link":"https:\/\/tacuarembo.gub.uy\/?p=22278","title":{"rendered":"Artistas tacuaremboenses compartieron con orgullo nuestras tradiciones en gira por Europa"},"content":{"rendered":"\n<p>El m\u00fasico y productor Fabricio Gonz\u00e1lez y la cantautora Pilar Apesetche, quienes integran el Ballet Folkl\u00f3rico Aborigen, difundieron la tradicional Fiesta Patria Gaucha durante una gira por Grecia, pa\u00eds donde realizaron varias presentaciones.<\/p>\n\n\n\n<p>En una publicaci\u00f3n realizada en sus redes sociales, ambos agradecieron a la Intendencia de Tacuaremb\u00f3 por el apoyo que se les brind\u00f3 con el objetivo de que pudieran concretar ese viaje.<\/p>\n\n\n\n<p>\u201cCon orgullo representamos la cultura y tradici\u00f3n musical de nuestro pa\u00eds y nuestro departamento\u201d, expresaron.<\/p>\n\n\n\n<p>De esta manera, la IDT contin\u00faa con su respaldo a los j\u00f3venes artistas que con esfuerzo y dedicaci\u00f3n llevan sus ra\u00edces, los valores, la cultura local y las tradiciones a distintos escenarios.<\/p>\n\n\n\n\t\t<style type=\"text\/css\">\n\t\t\t#gallery-1 {\n\t\t\t\tmargin: auto;\n\t\t\t}\n\t\t\t#gallery-1 .gallery-item {\n\t\t\t\tfloat: left;\n\t\t\t\tmargin-top: 10px;\n\t\t\t\ttext-align: center;\n\t\t\t\twidth: 33%;\n\t\t\t}\n\t\t\t#gallery-1 img {\n\t\t\t\tborder: 2px solid #cfcfcf;\n\t\t\t}\n\t\t\t#gallery-1 .gallery-caption {\n\t\t\t\tmargin-left: 0;\n\t\t\t}\n\t\t\t\/* see gallery_shortcode() in wp-includes\/media.php *\/\n\t\t<\/style>\n\t\t<div id='gallery-1' class='gallery galleryid-22278 gallery-columns-3 gallery-size-thumbnail'><dl class='gallery-item'>\n\t\t\t<dt class='gallery-icon landscape'>\n\t\t\t\t<a href='https:\/\/tacuarembo.gub.uy\/?attachment_id=22279'><img loading=\"lazy\" decoding=\"async\" width=\"200\" height=\"140\" src=\"https:\/\/tacuarembo.gub.uy\/wp-content\/uploads\/IMG-20231003-WA0041-200x140.jpg\" class=\"attachment-thumbnail size-thumbnail\" alt=\"\" \/><\/a>\n\t\t\t<\/dt><\/dl><dl class='gallery-item'>\n\t\t\t<dt class='gallery-icon landscape'>\n\t\t\t\t<a href='https:\/\/tacuarembo.gub.uy\/?attachment_id=22280'><img loading=\"lazy\" decoding=\"async\" width=\"200\" height=\"140\" src=\"https:\/\/tacuarembo.gub.uy\/wp-content\/uploads\/IMG-20231003-WA0040-200x140.jpg\" class=\"attachment-thumbnail size-thumbnail\" alt=\"\" \/><\/a>\n\t\t\t<\/dt><\/dl><dl class='gallery-item'>\n\t\t\t<dt class='gallery-icon landscape'>\n\t\t\t\t<a href='https:\/\/tacuarembo.gub.uy\/?attachment_id=22281'><img loading=\"lazy\" decoding=\"async\" width=\"200\" height=\"140\" src=\"https:\/\/tacuarembo.gub.uy\/wp-content\/uploads\/IMG-20231003-WA0039-200x140.jpg\" class=\"attachment-thumbnail size-thumbnail\" alt=\"\" \/><\/a>\n\t\t\t<\/dt><\/dl><br style=\"clear: both\" \/><dl class='gallery-item'>\n\t\t\t<dt class='gallery-icon landscape'>\n\t\t\t\t<a href='https:\/\/tacuarembo.gub.uy\/?attachment_id=22282'><img loading=\"lazy\" decoding=\"async\" width=\"200\" height=\"140\" src=\"https:\/\/tacuarembo.gub.uy\/wp-content\/uploads\/IMG-20231003-WA0038-200x140.jpg\" class=\"attachment-thumbnail size-thumbnail\" alt=\"\" \/><\/a>\n\t\t\t<\/dt><\/dl><dl class='gallery-item'>\n\t\t\t<dt class='gallery-icon landscape'>\n\t\t\t\t<a href='https:\/\/tacuarembo.gub.uy\/?attachment_id=22283'><img loading=\"lazy\" decoding=\"async\" width=\"200\" height=\"140\" src=\"https:\/\/tacuarembo.gub.uy\/wp-content\/uploads\/IMG-20231003-WA0037-200x140.jpg\" class=\"attachment-thumbnail size-thumbnail\" alt=\"\" \/><\/a>\n\t\t\t<\/dt><\/dl>\n\t\t\t<br style='clear: both' \/>\n\t\t<\/div>\n","protected":false},"excerpt":{"rendered":"<p>Artistas tacuaremboenses compartieron con orgullo nuestras tradiciones en gira por Europa<\/p>\n<p>El m\u00fasico y productor Fabricio Gonz\u00e1lez y la cantautora Pilar Apesetche, quienes integran el Ballet Folkl\u00f3rico Aborigen, difundieron la tradicional Fiesta Patria Gaucha durante una gira por Grecia, pa\u00eds donde realizaron varias presentaciones.<\/p>\n<p>En una publicaci\u00f3n realizada en sus redes sociales, ambos agradecieron a la Intendencia de Tacuaremb\u00f3 por el apoyo que se les brind\u00f3 con el objetivo de que pudieran concretar ese viaje.<\/p>\n<p>\u201cCon orgullo representamos la cultura y tradici\u00f3n musical de nuestro pa\u00eds y nuestro departamento\u201d, expresaron.<\/p>\n<p>De esta manera, la IDT contin\u00faa con su respaldo a los j\u00f3venes artistas que con esfuerzo y dedicaci\u00f3n llevan sus ra\u00edces, los valores, la cultura local y las tradiciones a distintos escenarios.<\/p>\n","protected":false},"author":3,"featured_media":22283,"comment_status":"open","ping_status":"open","sticky":false,"template":"","format":"standard","meta":{"_eb_attr":"","footnotes":""},"categories":[16],"tags":[],"class_list":{"0":"post-22278","1":"post","2":"type-post","3":"status-publish","4":"format-standard","5":"has-post-thumbnail","7":"category-noticias"},"_links":{"self":[{"href":"https:\/\/tacuarembo.gub.uy\/index.php?rest_route=\/wp\/v2\/posts\/22278","targetHints":{"allow":["GET"]}}],"collection":[{"href":"https:\/\/tacuarembo.gub.uy\/index.php?rest_route=\/wp\/v2\/posts"}],"about":[{"href":"https:\/\/tacuarembo.gub.uy\/index.php?rest_route=\/wp\/v2\/types\/post"}],"author":[{"embeddable":true,"href":"https:\/\/tacuarembo.gub.uy\/index.php?rest_route=\/wp\/v2\/users\/3"}],"replies":[{"embeddable":true,"href":"https:\/\/tacuarembo.gub.uy\/index.php?rest_route=%2Fwp%2Fv2%2Fcomments&post=22278"}],"version-history":[{"count":1,"href":"https:\/\/tacuarembo.gub.uy\/index.php?rest_route=\/wp\/v2\/posts\/22278\/revisions"}],"predecessor-version":[{"id":22284,"href":"https:\/\/tacuarembo.gub.uy\/index.php?rest_route=\/wp\/v2\/posts\/22278\/revisions\/22284"}],"wp:featuredmedia":[{"embeddable":true,"href":"https:\/\/tacuarembo.gub.uy\/index.php?rest_route=\/wp\/v2\/media\/22283"}],"wp:attachment":[{"href":"https:\/\/tacuarembo.gub.uy\/index.php?rest_route=%2Fwp%2Fv2%2Fmedia&parent=22278"}],"wp:term":[{"taxonomy":"category","embeddable":true,"href":"https:\/\/tacuarembo.gub.uy\/index.php?rest_route=%2Fwp%2Fv2%2Fcategories&post=22278"},{"taxonomy":"post_tag","embeddable":true,"href":"https:\/\/tacuarembo.gub.uy\/index.php?rest_route=%2Fwp%2Fv2%2Ftags&post=22278"}],"curies":[{"name":"wp","href":"https:\/\/api.w.org\/{rel}","templated":true}]}}