{"id":22265,"date":"2023-10-03T12:35:32","date_gmt":"2023-10-03T15:35:32","guid":{"rendered":"https:\/\/tacuarembo.gub.uy\/?p=22265"},"modified":"2023-11-07T14:35:07","modified_gmt":"2023-11-07T17:35:07","slug":"se-presentaron-los-detalles-del-concurso-literario-2023-tomas-de-mattos","status":"publish","type":"post","link":"https:\/\/tacuarembo.gub.uy\/?p=22265","title":{"rendered":"Se presentaron los detalles del Concurso Literario 2023 \u201cTom\u00e1s de Mattos\u201d"},"content":{"rendered":"\n<p>El lanzamiento de la nueva edici\u00f3n de este tradicional concurso literario para j\u00f3venes, que cuenta el apoyo de la Instituto Nacional de Letras del Ministerio de Educaci\u00f3n y Cultura (MEC), se llev\u00f3 a cabo con la presencia del secretario general de la IDT, Jos\u00e9 Omar Men\u00e9ndez, y el director de Juventud de la IDT, Camilo Guti\u00e9rrez.<\/p>\n\n\n\n<p>De esta manera, se dieron a conocer los detalles referidos a la convocatoria organizada por la Intendencia de Tacuaremb\u00f3 con el objetivo de incentivar a las futuras generaciones e invitarlas a sumarse a esta iniciativa cultural.<\/p>\n\n\n\n\n\n<p>Durante la conferencia de prensa, Men\u00e9ndez anunci\u00f3 que hasta el 3 de noviembre se podr\u00e1n prestar los trabajos. El concurso est\u00e1 dirigido a j\u00f3venes que tengan entre 14 y 29 a\u00f1os de edad cumplidos a la fecha de cierre de recepci\u00f3n.<\/p>\n\n\n\n<p>Se cuenta con una primera categor\u00eda que comprende a los j\u00f3venes de entre 14 y 18 a\u00f1os de edad inclusive, mientras que la segunda categor\u00eda est\u00e1 dirigida a personas de entre 19 y 29 a\u00f1os de edad inclusive. En ambos casos, los participantes podr\u00e1n optar por los siguientes g\u00e9neros: cuento o relato y poemas.<\/p>\n\n\n\n<p>Men\u00e9ndez manifest\u00f3 la importancia de difundir esta iniciativa que \u201centendemos es muy importante no s\u00f3lo porque lleva el nombre del escritor y poeta de Tacuaremb\u00f3, Tomas de Mattos, sino tambi\u00e9n por su repercusi\u00f3n a nivel nacional\u201d.<\/p>\n\n\n\n<p>Por su parte, Guti\u00e9rrez record\u00f3 que este concurso comenz\u00f3 en el a\u00f1o 2015 y resalt\u00f3 su fuerte crecimiento, con m\u00e1s de 100 trabajos presentados en la pasada edici\u00f3n y convirti\u00e9ndolo en el concurso literario con mayor participaci\u00f3n en el pa\u00eds. A\u00f1adi\u00f3 que \u201cqueremos que se vulva repetir esa convocatoria, m\u00e1s all\u00e1 de la cifra, por la calidad y la participaci\u00f3n de j\u00f3venes de todos los departamentos\u201d.<\/p>\n\n\n\n<p>Los j\u00f3venes de ambas categor\u00edas deber\u00e1n presentar sus trabajos en una de estas dos modalidades:<\/p>\n\n\n\n<p>1- Dentro de un sobre cerrado, en cuyo exterior figure, el seud\u00f3nimo, g\u00e9nero y categor\u00eda a la que pertenece. En ese sobre deber\u00e1 figurar, adem\u00e1s de los trabajos, un sobre menor en cuyo exterior se repetir\u00e1n seud\u00f3nimo y categor\u00eda. En su interior, deber\u00e1n constar los datos del concursante: NOMBRE, TEL\u00c9FONO, FOTOCOPIA DE C\u00c9DULA Y &nbsp;DOMICILIO. Los originales no ser\u00e1n devueltos. Se recibir\u00e1n los sobres en la Direcci\u00f3n Departamental de Juventud -General Flores 185 Anexo IDT- Casa Diocesana, Tacuaremb\u00f3- de lunes a viernes en horario de oficina.<\/p>\n\n\n\n<p>2- Por correo electr\u00f3nico a la cuenta concursoliterariojuventud@gmail.com. En \u201cAsunto\u201d se consignar\u00e1 \u201cg\u00e9nero cuento o poema\u201d &#8211; \u201cCategor\u00eda primera o segunda\u201d (seg\u00fan el caso) y se anexar\u00e1n dos documentos adjuntos en formato PDF. Uno llamado \u201cobra\u201d, con t\u00edtulo y firmada con seud\u00f3nimo. El segundo con el nombre de \u201cDatos del autor\u201d, que contendr\u00e1 &nbsp;NOMBRE, TEL\u00c9FONO, COPIA DE C\u00c9DULA Y &nbsp;DOMICILIO.<\/p>\n\n\n\n<p>Se otorgar\u00e1n $10.000 (pesos uruguayos diez mil) al primer premio de cada categor\u00eda y g\u00e9nero.<\/p>\n\n\n\n<p>El Jurado para Cuentos o Relatos estar\u00e1 integrado por el escritor Santiago Cort\u00e9s, el profesor Iv\u00e1n Da Rosa y la escritora Natalia Soboredo. En tanto, el jurado para Poema ser\u00e1 conformado por el profesor Oscar Brocco, la maestra Ma. Jos\u00e9 Fagundez y el escritor Omar Tagore.<\/p>\n\n\n\n<p>Para conocer m\u00e1s detalles se pueden consultar las bases del concurso<\/p>\n\n\n\n<div data-wp-interactive=\"core\/file\" class=\"wp-block-file\"><object data-wp-bind--hidden=\"!state.hasPdfPreview\" hidden class=\"wp-block-file__embed\" data=\"https:\/\/tacuarembo.gub.uy\/wp-content\/uploads\/BASES-2023.pdf\" type=\"application\/pdf\" style=\"width:100%;height:600px\" aria-label=\"Incrustado de BASES-2023.\"><\/object><a id=\"wp-block-file--media-cd908757-0033-4872-a0a3-e37bcc05d2fc\" href=\"https:\/\/tacuarembo.gub.uy\/wp-content\/uploads\/BASES-2023.pdf\">BASES-2023<\/a><a href=\"https:\/\/tacuarembo.gub.uy\/wp-content\/uploads\/BASES-2023.pdf\" class=\"wp-block-file__button wp-element-button\" download aria-describedby=\"wp-block-file--media-cd908757-0033-4872-a0a3-e37bcc05d2fc\"><strong>Para conocer m\u00e1s detalles se pueden consultar las bases del concurso haciendo click AQU\u00cd<\/strong><\/a><\/div>\n\n\n<p><img loading=\"lazy\" decoding=\"async\" width=\"1308\" height=\"1600\" class=\"alignnone size-full wp-image-22270\" src=\"https:\/\/tacuarembo.gub.uy\/wp-content\/uploads\/WhatsApp-Image-2023-10-03-at-12.32.413.jpeg\" alt=\"\" srcset=\"https:\/\/tacuarembo.gub.uy\/wp-content\/uploads\/WhatsApp-Image-2023-10-03-at-12.32.413.jpeg 1308w, https:\/\/tacuarembo.gub.uy\/wp-content\/uploads\/WhatsApp-Image-2023-10-03-at-12.32.413-768x939.jpeg 768w, https:\/\/tacuarembo.gub.uy\/wp-content\/uploads\/WhatsApp-Image-2023-10-03-at-12.32.413-1256x1536.jpeg 1256w\" sizes=\"auto, (max-width: 1308px) 100vw, 1308px\" \/> <img loading=\"lazy\" decoding=\"async\" width=\"1268\" height=\"1600\" class=\"alignnone size-full wp-image-22271\" src=\"https:\/\/tacuarembo.gub.uy\/wp-content\/uploads\/WhatsApp-Image-2023-10-03-at-12.32.412.jpeg\" alt=\"\" srcset=\"https:\/\/tacuarembo.gub.uy\/wp-content\/uploads\/WhatsApp-Image-2023-10-03-at-12.32.412.jpeg 1268w, https:\/\/tacuarembo.gub.uy\/wp-content\/uploads\/WhatsApp-Image-2023-10-03-at-12.32.412-768x969.jpeg 768w, https:\/\/tacuarembo.gub.uy\/wp-content\/uploads\/WhatsApp-Image-2023-10-03-at-12.32.412-1217x1536.jpeg 1217w\" sizes=\"auto, (max-width: 1268px) 100vw, 1268px\" \/> <img loading=\"lazy\" decoding=\"async\" width=\"1268\" height=\"1600\" class=\"alignnone size-full wp-image-22272\" src=\"https:\/\/tacuarembo.gub.uy\/wp-content\/uploads\/WhatsApp-Image-2023-10-03-at-12.32.411.jpeg\" alt=\"\" srcset=\"https:\/\/tacuarembo.gub.uy\/wp-content\/uploads\/WhatsApp-Image-2023-10-03-at-12.32.411.jpeg 1268w, https:\/\/tacuarembo.gub.uy\/wp-content\/uploads\/WhatsApp-Image-2023-10-03-at-12.32.411-768x969.jpeg 768w, https:\/\/tacuarembo.gub.uy\/wp-content\/uploads\/WhatsApp-Image-2023-10-03-at-12.32.411-1217x1536.jpeg 1217w\" sizes=\"auto, (max-width: 1268px) 100vw, 1268px\" \/> <img loading=\"lazy\" decoding=\"async\" width=\"1277\" height=\"1600\" class=\"alignnone size-full wp-image-22273\" src=\"https:\/\/tacuarembo.gub.uy\/wp-content\/uploads\/WhatsApp-Image-2023-10-03-at-12.32.41.jpeg\" alt=\"\" srcset=\"https:\/\/tacuarembo.gub.uy\/wp-content\/uploads\/WhatsApp-Image-2023-10-03-at-12.32.41.jpeg 1277w, https:\/\/tacuarembo.gub.uy\/wp-content\/uploads\/WhatsApp-Image-2023-10-03-at-12.32.41-768x962.jpeg 768w, https:\/\/tacuarembo.gub.uy\/wp-content\/uploads\/WhatsApp-Image-2023-10-03-at-12.32.41-1226x1536.jpeg 1226w\" sizes=\"auto, (max-width: 1277px) 100vw, 1277px\" \/> <img loading=\"lazy\" decoding=\"async\" width=\"779\" height=\"1600\" class=\"alignnone size-full wp-image-22274\" src=\"https:\/\/tacuarembo.gub.uy\/wp-content\/uploads\/WhatsApp-Image-2023-10-03-at-12.32.401.jpeg\" alt=\"\" srcset=\"https:\/\/tacuarembo.gub.uy\/wp-content\/uploads\/WhatsApp-Image-2023-10-03-at-12.32.401.jpeg 779w, https:\/\/tacuarembo.gub.uy\/wp-content\/uploads\/WhatsApp-Image-2023-10-03-at-12.32.401-768x1577.jpeg 768w, https:\/\/tacuarembo.gub.uy\/wp-content\/uploads\/WhatsApp-Image-2023-10-03-at-12.32.401-748x1536.jpeg 748w\" sizes=\"auto, (max-width: 779px) 100vw, 779px\" \/> <img loading=\"lazy\" decoding=\"async\" width=\"1610\" height=\"2048\" class=\"alignnone size-full wp-image-22275\" src=\"https:\/\/tacuarembo.gub.uy\/wp-content\/uploads\/WhatsApp-Image-2023-10-03-at-12.32.40.jpeg\" alt=\"\" srcset=\"https:\/\/tacuarembo.gub.uy\/wp-content\/uploads\/WhatsApp-Image-2023-10-03-at-12.32.40.jpeg 1610w, https:\/\/tacuarembo.gub.uy\/wp-content\/uploads\/WhatsApp-Image-2023-10-03-at-12.32.40-768x977.jpeg 768w, https:\/\/tacuarembo.gub.uy\/wp-content\/uploads\/WhatsApp-Image-2023-10-03-at-12.32.40-1208x1536.jpeg 1208w\" sizes=\"auto, (max-width: 1610px) 100vw, 1610px\" \/><\/p>","protected":false},"excerpt":{"rendered":"<p>El lanzamiento de la nueva edici\u00f3n de este tradicional concurso literario para j\u00f3venes, que cuenta el apoyo de la Instituto Nacional de Letras del Ministerio de Educaci\u00f3n y Cultura (MEC), se llev\u00f3 a cabo con la presencia del secretario general de la IDT, Jos\u00e9 Omar Men\u00e9ndez, y el director de Juventud de la IDT, Camilo Guti\u00e9rrez<\/p>\n","protected":false},"author":3,"featured_media":22266,"comment_status":"open","ping_status":"open","sticky":false,"template":"","format":"standard","meta":{"_eb_attr":"","footnotes":""},"categories":[32,16],"tags":[],"class_list":{"0":"post-22265","1":"post","2":"type-post","3":"status-publish","4":"format-standard","5":"has-post-thumbnail","7":"category-juventud","8":"category-noticias"},"_links":{"self":[{"href":"https:\/\/tacuarembo.gub.uy\/index.php?rest_route=\/wp\/v2\/posts\/22265","targetHints":{"allow":["GET"]}}],"collection":[{"href":"https:\/\/tacuarembo.gub.uy\/index.php?rest_route=\/wp\/v2\/posts"}],"about":[{"href":"https:\/\/tacuarembo.gub.uy\/index.php?rest_route=\/wp\/v2\/types\/post"}],"author":[{"embeddable":true,"href":"https:\/\/tacuarembo.gub.uy\/index.php?rest_route=\/wp\/v2\/users\/3"}],"replies":[{"embeddable":true,"href":"https:\/\/tacuarembo.gub.uy\/index.php?rest_route=%2Fwp%2Fv2%2Fcomments&post=22265"}],"version-history":[{"count":3,"href":"https:\/\/tacuarembo.gub.uy\/index.php?rest_route=\/wp\/v2\/posts\/22265\/revisions"}],"predecessor-version":[{"id":22277,"href":"https:\/\/tacuarembo.gub.uy\/index.php?rest_route=\/wp\/v2\/posts\/22265\/revisions\/22277"}],"wp:featuredmedia":[{"embeddable":true,"href":"https:\/\/tacuarembo.gub.uy\/index.php?rest_route=\/wp\/v2\/media\/22266"}],"wp:attachment":[{"href":"https:\/\/tacuarembo.gub.uy\/index.php?rest_route=%2Fwp%2Fv2%2Fmedia&parent=22265"}],"wp:term":[{"taxonomy":"category","embeddable":true,"href":"https:\/\/tacuarembo.gub.uy\/index.php?rest_route=%2Fwp%2Fv2%2Fcategories&post=22265"},{"taxonomy":"post_tag","embeddable":true,"href":"https:\/\/tacuarembo.gub.uy\/index.php?rest_route=%2Fwp%2Fv2%2Ftags&post=22265"}],"curies":[{"name":"wp","href":"https:\/\/api.w.org\/{rel}","templated":true}]}}