{"id":22257,"date":"2023-10-02T14:33:49","date_gmt":"2023-10-02T17:33:49","guid":{"rendered":"https:\/\/tacuarembo.gub.uy\/?p=22257"},"modified":"2023-10-02T14:33:50","modified_gmt":"2023-10-02T17:33:50","slug":"tacuarembo-estuvo-presente-en-la-feria-de-turismo-de-argentina-y-fortalece-su-presencia-en-el-mapa-turistico","status":"publish","type":"post","link":"https:\/\/tacuarembo.gub.uy\/?p=22257","title":{"rendered":"Tacuaremb\u00f3 estuvo presente en la Feria de Turismo de Argentina y fortalece su presencia en el mapa tur\u00edstico"},"content":{"rendered":"\n<p>En un paso m\u00e1s por consolidarse como un atractivo destino tur\u00edstico en la regi\u00f3n Norte, la Intendencia de Tacuaremb\u00f3 estuvo representada por el director de Turismo, Marcelo Crespi, en la Feria Internacional de Turismo (FIT). Se trata del evento m\u00e1s importante de su tipo en Am\u00e9rica Latina, celebrado en Buenos Aires (Argentina).<\/p>\n\n\n\n<p>El evento comenz\u00f3 el pasado s\u00e1bado 30 de setiembre y se extender\u00e1 hasta este martes 3 de octubre, en el predio de la Rural de Palermo.<\/p>\n\n\n\n<p>Durante el fin de semana, Crespi se uni\u00f3 a una serie de profesionales de la industria tur\u00edstica para impulsar la visibilidad y el crecimiento de su regi\u00f3n. La FIT es reconocida por ser un espacio donde se fomentan relaciones profesionales, se abren oportunidades de desarrollo y se generan las condiciones propicias para la realizaci\u00f3n de acuerdos comerciales de alto impacto.<\/p>\n\n\n\n<p>Esta feria anual, que se extiende a lo largo de cuatro d\u00edas en la capital argentina, re\u00fane a actores clave de la industria tur\u00edstica de todo el continente y del mundo. En ese marco, Crespi aprovech\u00f3 la oportunidad para establecer contactos con colegas tanto de Uruguay como de Argentina, con el objetivo de identificar las \u00faltimas tendencias y novedades en productos y servicios tur\u00edsticos.<\/p>\n\n\n\n<p>Uno de los momentos claves de la participaci\u00f3n de Tacuaremb\u00f3 en la FIT fue el encuentro con el ministro de Turismo, Tabar\u00e9 Viera, y el director nacional de Turismo, Roque Baudean. Durante la reuni\u00f3n estrat\u00e9gica, se delinearon planes y acciones futuras que buscan llevar la belleza y los encantos de Tacuaremb\u00f3 a escenarios internacionales, a trav\u00e9s de la presencia en ferias tur\u00edsticas de alcance global. De esta manera, tambi\u00e9n se dio visibilidad a la tradicional Fiesta de la Patria Gaucha y la propuesta rural del departamento que, precisamente, se ha transformado en \u201cla capital de la tradici\u00f3n\u201d.<\/p>\n\n\n\n\t\t<style type=\"text\/css\">\n\t\t\t#gallery-1 {\n\t\t\t\tmargin: auto;\n\t\t\t}\n\t\t\t#gallery-1 .gallery-item {\n\t\t\t\tfloat: left;\n\t\t\t\tmargin-top: 10px;\n\t\t\t\ttext-align: center;\n\t\t\t\twidth: 33%;\n\t\t\t}\n\t\t\t#gallery-1 img {\n\t\t\t\tborder: 2px solid #cfcfcf;\n\t\t\t}\n\t\t\t#gallery-1 .gallery-caption {\n\t\t\t\tmargin-left: 0;\n\t\t\t}\n\t\t\t\/* see gallery_shortcode() in wp-includes\/media.php *\/\n\t\t<\/style>\n\t\t<div id='gallery-1' class='gallery galleryid-22257 gallery-columns-3 gallery-size-thumbnail'><dl class='gallery-item'>\n\t\t\t<dt class='gallery-icon landscape'>\n\t\t\t\t<a href='https:\/\/tacuarembo.gub.uy\/?attachment_id=22258'><img loading=\"lazy\" decoding=\"async\" width=\"200\" height=\"140\" src=\"https:\/\/tacuarembo.gub.uy\/wp-content\/uploads\/IMG-20231002-WA0036-200x140.jpg\" class=\"attachment-thumbnail size-thumbnail\" alt=\"\" \/><\/a>\n\t\t\t<\/dt><\/dl><dl class='gallery-item'>\n\t\t\t<dt class='gallery-icon landscape'>\n\t\t\t\t<a href='https:\/\/tacuarembo.gub.uy\/?attachment_id=22259'><img loading=\"lazy\" decoding=\"async\" width=\"200\" height=\"140\" src=\"https:\/\/tacuarembo.gub.uy\/wp-content\/uploads\/IMG-20231002-WA0037-200x140.jpg\" class=\"attachment-thumbnail size-thumbnail\" alt=\"\" \/><\/a>\n\t\t\t<\/dt><\/dl><dl class='gallery-item'>\n\t\t\t<dt class='gallery-icon landscape'>\n\t\t\t\t<a href='https:\/\/tacuarembo.gub.uy\/?attachment_id=22260'><img loading=\"lazy\" decoding=\"async\" width=\"200\" height=\"140\" src=\"https:\/\/tacuarembo.gub.uy\/wp-content\/uploads\/IMG-20231002-WA0035-200x140.jpg\" class=\"attachment-thumbnail size-thumbnail\" alt=\"\" \/><\/a>\n\t\t\t<\/dt><\/dl><br style=\"clear: both\" \/><dl class='gallery-item'>\n\t\t\t<dt class='gallery-icon landscape'>\n\t\t\t\t<a href='https:\/\/tacuarembo.gub.uy\/?attachment_id=22261'><img loading=\"lazy\" decoding=\"async\" width=\"200\" height=\"140\" src=\"https:\/\/tacuarembo.gub.uy\/wp-content\/uploads\/IMG-20231002-WA0034-200x140.jpg\" class=\"attachment-thumbnail size-thumbnail\" alt=\"\" \/><\/a>\n\t\t\t<\/dt><\/dl>\n\t\t\t<br style='clear: both' \/>\n\t\t<\/div>\n","protected":false},"excerpt":{"rendered":"<p>En un paso m\u00e1s por consolidarse como un atractivo destino tur\u00edstico en la regi\u00f3n Norte, la Intendencia de Tacuaremb\u00f3 estuvo representada por el director de Turismo, Marcelo Crespi, en la Feria Internacional de Turismo (FIT). Se trata del evento m\u00e1s importante de su tipo en Am\u00e9rica Latina, celebrado en Buenos Aires (Argentina)<\/p>\n","protected":false},"author":3,"featured_media":22259,"comment_status":"open","ping_status":"open","sticky":false,"template":"","format":"standard","meta":{"_eb_attr":"","footnotes":""},"categories":[16],"tags":[],"class_list":{"0":"post-22257","1":"post","2":"type-post","3":"status-publish","4":"format-standard","5":"has-post-thumbnail","7":"category-noticias"},"_links":{"self":[{"href":"https:\/\/tacuarembo.gub.uy\/index.php?rest_route=\/wp\/v2\/posts\/22257","targetHints":{"allow":["GET"]}}],"collection":[{"href":"https:\/\/tacuarembo.gub.uy\/index.php?rest_route=\/wp\/v2\/posts"}],"about":[{"href":"https:\/\/tacuarembo.gub.uy\/index.php?rest_route=\/wp\/v2\/types\/post"}],"author":[{"embeddable":true,"href":"https:\/\/tacuarembo.gub.uy\/index.php?rest_route=\/wp\/v2\/users\/3"}],"replies":[{"embeddable":true,"href":"https:\/\/tacuarembo.gub.uy\/index.php?rest_route=%2Fwp%2Fv2%2Fcomments&post=22257"}],"version-history":[{"count":1,"href":"https:\/\/tacuarembo.gub.uy\/index.php?rest_route=\/wp\/v2\/posts\/22257\/revisions"}],"predecessor-version":[{"id":22263,"href":"https:\/\/tacuarembo.gub.uy\/index.php?rest_route=\/wp\/v2\/posts\/22257\/revisions\/22263"}],"wp:featuredmedia":[{"embeddable":true,"href":"https:\/\/tacuarembo.gub.uy\/index.php?rest_route=\/wp\/v2\/media\/22259"}],"wp:attachment":[{"href":"https:\/\/tacuarembo.gub.uy\/index.php?rest_route=%2Fwp%2Fv2%2Fmedia&parent=22257"}],"wp:term":[{"taxonomy":"category","embeddable":true,"href":"https:\/\/tacuarembo.gub.uy\/index.php?rest_route=%2Fwp%2Fv2%2Fcategories&post=22257"},{"taxonomy":"post_tag","embeddable":true,"href":"https:\/\/tacuarembo.gub.uy\/index.php?rest_route=%2Fwp%2Fv2%2Ftags&post=22257"}],"curies":[{"name":"wp","href":"https:\/\/api.w.org\/{rel}","templated":true}]}}