{"id":22250,"date":"2023-10-02T13:36:01","date_gmt":"2023-10-02T16:36:01","guid":{"rendered":"https:\/\/tacuarembo.gub.uy\/?p=22250"},"modified":"2023-10-02T13:36:52","modified_gmt":"2023-10-02T16:36:52","slug":"primer-encuentro-talleres-de-danzas-folkloricas-en-la-casa-de-la-cultura-de-tacuarembo","status":"publish","type":"post","link":"https:\/\/tacuarembo.gub.uy\/?p=22250","title":{"rendered":"Primer Encuentro Talleres de Danzas Folkl\u00f3ricas en la Casa de la Cultura de Tacuaremb\u00f3"},"content":{"rendered":"\n<p>La Casa de la Cultura de Tacuaremb\u00f3 se prepara para recibir el \u00abPrimer Encuentro Talleres de Danzas Folkl\u00f3ricas\u00bb, una propuesta que promete resaltar la rica tradici\u00f3n cultural de la regi\u00f3n. De esta manera, la IDT tambi\u00e9n estimula el rescate hist\u00f3rico y siembra tradiciones en las nuevas generaciones.<\/p>\n\n\n\n<p>Se llevar\u00e1 a cabo el viernes 6 de octubre bajo la coordinaci\u00f3n de la profesora y directora del Elenco Estable de la Casa de la Cultura de Tacuaremb\u00f3, Mar\u00eda Julia Machado. Previo a la actividad, destac\u00f3 la dedicaci\u00f3n y el esfuerzo de quienes asisten a los talleres.<\/p>\n\n\n\n<p>El programa de actividades se desarrollar\u00e1 la siguiente manera:<\/p>\n\n\n\n<p>10.30 horas: Apertura y bienvenida. La jornada comenzar\u00e1 con una c\u00e1lida bienvenida que dar\u00e1 inicio a un d\u00eda lleno de celebraci\u00f3n cultural.<\/p>\n\n\n\n<p>11 horas: Pe\u00f1a del Encuentro. Talleres a cargo de la docente Mar\u00eda Julia Machado e integrantes del Elenco Estable.<\/p>\n\n\n\n<p>12 horas: Almuerzo compartido, siendo una oportunidad para que los participantes socialicen entre s\u00ed, fortaleciendo los lazos culturales.<\/p>\n\n\n\n<p>14 horas: Presentaci\u00f3n del Elenco Estable Tacuaremb\u00f3 Danza.<\/p>\n\n\n\n<p>14.30 horas: Taller Bonilla \u00abA Una Criolla\u00bb.<\/p>\n\n\n\n<p>15 horas: Taller Batov\u00ed.<\/p>\n\n\n\n<p>15:30 &#8211; Taller Danza Folkl\u00f3rica Curtina (Invitados): Invitados especiales del pueblo de Curtina compartir\u00e1n su conocimiento y pasi\u00f3n por la danza folkl\u00f3rica en este emocionante taller.<\/p>\n\n\n\n<p>16 horas: Taller San Gregorio de Polanco.<\/p>\n\n\n\n<p>16.30 horas: Grupo de Danzas Mainumby (invitados).<\/p>\n\n\n\n<p>17 horas: Taller Tacuaremb\u00f3.<\/p>\n\n\n\n<p>17.30 horas: Cierre con el Elenco Estable Tacuaremb\u00f3 Danza<\/p>\n\n\n<p><img loading=\"lazy\" decoding=\"async\" width=\"1131\" height=\"1600\" class=\"alignnone size-full wp-image-22253\" src=\"https:\/\/tacuarembo.gub.uy\/wp-content\/uploads\/WhatsApp-Image-2023-10-02-at-13.01.32.jpeg\" alt=\"\" srcset=\"https:\/\/tacuarembo.gub.uy\/wp-content\/uploads\/WhatsApp-Image-2023-10-02-at-13.01.32.jpeg 1131w, https:\/\/tacuarembo.gub.uy\/wp-content\/uploads\/WhatsApp-Image-2023-10-02-at-13.01.32-768x1086.jpeg 768w, https:\/\/tacuarembo.gub.uy\/wp-content\/uploads\/WhatsApp-Image-2023-10-02-at-13.01.32-1086x1536.jpeg 1086w\" sizes=\"auto, (max-width: 1131px) 100vw, 1131px\" \/> <img loading=\"lazy\" decoding=\"async\" width=\"1447\" height=\"2048\" class=\"alignnone size-full wp-image-22254\" src=\"https:\/\/tacuarembo.gub.uy\/wp-content\/uploads\/WhatsApp-Image-2023-10-02-at-13.01.24.jpeg\" alt=\"\" srcset=\"https:\/\/tacuarembo.gub.uy\/wp-content\/uploads\/WhatsApp-Image-2023-10-02-at-13.01.24.jpeg 1447w, https:\/\/tacuarembo.gub.uy\/wp-content\/uploads\/WhatsApp-Image-2023-10-02-at-13.01.24-768x1087.jpeg 768w, https:\/\/tacuarembo.gub.uy\/wp-content\/uploads\/WhatsApp-Image-2023-10-02-at-13.01.24-1085x1536.jpeg 1085w\" sizes=\"auto, (max-width: 1447px) 100vw, 1447px\" \/><\/p>","protected":false},"excerpt":{"rendered":"<p>La Casa de la Cultura de Tacuaremb\u00f3 se prepara para recibir el \u00abPrimer Encuentro Talleres de Danzas Folkl\u00f3ricas\u00bb, una propuesta que promete resaltar la rica tradici\u00f3n cultural de la regi\u00f3n. De esta manera, la IDT tambi\u00e9n estimula el rescate hist\u00f3rico y siembra tradiciones en las nuevas generaciones<\/p>\n","protected":false},"author":3,"featured_media":22251,"comment_status":"open","ping_status":"open","sticky":false,"template":"","format":"standard","meta":{"_eb_attr":"","footnotes":""},"categories":[18,16],"tags":[],"class_list":{"0":"post-22250","1":"post","2":"type-post","3":"status-publish","4":"format-standard","5":"has-post-thumbnail","7":"category-cultura","8":"category-noticias"},"_links":{"self":[{"href":"https:\/\/tacuarembo.gub.uy\/index.php?rest_route=\/wp\/v2\/posts\/22250","targetHints":{"allow":["GET"]}}],"collection":[{"href":"https:\/\/tacuarembo.gub.uy\/index.php?rest_route=\/wp\/v2\/posts"}],"about":[{"href":"https:\/\/tacuarembo.gub.uy\/index.php?rest_route=\/wp\/v2\/types\/post"}],"author":[{"embeddable":true,"href":"https:\/\/tacuarembo.gub.uy\/index.php?rest_route=\/wp\/v2\/users\/3"}],"replies":[{"embeddable":true,"href":"https:\/\/tacuarembo.gub.uy\/index.php?rest_route=%2Fwp%2Fv2%2Fcomments&post=22250"}],"version-history":[{"count":2,"href":"https:\/\/tacuarembo.gub.uy\/index.php?rest_route=\/wp\/v2\/posts\/22250\/revisions"}],"predecessor-version":[{"id":22256,"href":"https:\/\/tacuarembo.gub.uy\/index.php?rest_route=\/wp\/v2\/posts\/22250\/revisions\/22256"}],"wp:featuredmedia":[{"embeddable":true,"href":"https:\/\/tacuarembo.gub.uy\/index.php?rest_route=\/wp\/v2\/media\/22251"}],"wp:attachment":[{"href":"https:\/\/tacuarembo.gub.uy\/index.php?rest_route=%2Fwp%2Fv2%2Fmedia&parent=22250"}],"wp:term":[{"taxonomy":"category","embeddable":true,"href":"https:\/\/tacuarembo.gub.uy\/index.php?rest_route=%2Fwp%2Fv2%2Fcategories&post=22250"},{"taxonomy":"post_tag","embeddable":true,"href":"https:\/\/tacuarembo.gub.uy\/index.php?rest_route=%2Fwp%2Fv2%2Ftags&post=22250"}],"curies":[{"name":"wp","href":"https:\/\/api.w.org\/{rel}","templated":true}]}}