{"id":22098,"date":"2023-09-27T14:31:21","date_gmt":"2023-09-27T17:31:21","guid":{"rendered":"https:\/\/tacuarembo.gub.uy\/?p=22098"},"modified":"2023-09-27T14:31:22","modified_gmt":"2023-09-27T17:31:22","slug":"nuevo-curso-de-manipulacion-de-alimentos-en-el-centro-de-barrio-no3-el-hongo","status":"publish","type":"post","link":"https:\/\/tacuarembo.gub.uy\/?p=22098","title":{"rendered":"Nuevo curso de manipulaci\u00f3n de alimentos en el Centro de Barrio N\u00ba3 El Hongo"},"content":{"rendered":"\n<p>La capacitaci\u00f3n se realizar\u00e1 el mi\u00e9rcoles 18 de octubre, a las 14. 30 horas, en el Centro de Barrio N\u00ba3 El Hongo, ubicado en la avenida Manuel Rodr\u00edguez Correa y Manuel Oribe.<\/p>\n\n\n\n<p>Los participantes recibir\u00e1n informaci\u00f3n sobre la importancia de la inocuidad alimentaria; las enfermedades transmitidas por los alimentos; nociones b\u00e1sicas de microbiolog\u00eda; contaminaci\u00f3n y buenas pr\u00e1cticas, adem\u00e1s aspectos referidos a la legislaci\u00f3n alimentaria municipal y nacional.<\/p>\n\n\n\n<p>El objetivo de la capacitaci\u00f3n consiste en preparar a la poblaci\u00f3n que desempe\u00f1a tareas vinculadas a la manipulaci\u00f3n de alimentos<\/p>\n\n\n\n<p>Los interesados en participar deber\u00e1n inscribirse en la Direcci\u00f3n de Desarrollo y Producci\u00f3n de la Intendencia de Tacuaremb\u00f3.<\/p>\n\n\n<p><img loading=\"lazy\" decoding=\"async\" width=\"809\" height=\"485\" class=\"alignnone size-full wp-image-22099 aligncenter\" src=\"https:\/\/tacuarembo.gub.uy\/wp-content\/uploads\/IMG-20230927-WA00171.jpg\" alt=\"\" srcset=\"https:\/\/tacuarembo.gub.uy\/wp-content\/uploads\/IMG-20230927-WA00171.jpg 809w, https:\/\/tacuarembo.gub.uy\/wp-content\/uploads\/IMG-20230927-WA00171-768x460.jpg 768w\" sizes=\"auto, (max-width: 809px) 100vw, 809px\" \/><\/p>","protected":false},"excerpt":{"rendered":"<p>La capacitaci\u00f3n se realizar\u00e1 el mi\u00e9rcoles 18 de octubre, a las 14. 30 horas, en el Centro de Barrio N\u00ba3 El Hongo, ubicado en la avenida Manuel Rodr\u00edguez Correa y Manuel Oribe<\/p>\n","protected":false},"author":3,"featured_media":22099,"comment_status":"open","ping_status":"open","sticky":false,"template":"","format":"standard","meta":{"_eb_attr":"","footnotes":""},"categories":[30,16],"tags":[],"class_list":{"0":"post-22098","1":"post","2":"type-post","3":"status-publish","4":"format-standard","5":"has-post-thumbnail","7":"category-d-productivo","8":"category-noticias"},"_links":{"self":[{"href":"https:\/\/tacuarembo.gub.uy\/index.php?rest_route=\/wp\/v2\/posts\/22098","targetHints":{"allow":["GET"]}}],"collection":[{"href":"https:\/\/tacuarembo.gub.uy\/index.php?rest_route=\/wp\/v2\/posts"}],"about":[{"href":"https:\/\/tacuarembo.gub.uy\/index.php?rest_route=\/wp\/v2\/types\/post"}],"author":[{"embeddable":true,"href":"https:\/\/tacuarembo.gub.uy\/index.php?rest_route=\/wp\/v2\/users\/3"}],"replies":[{"embeddable":true,"href":"https:\/\/tacuarembo.gub.uy\/index.php?rest_route=%2Fwp%2Fv2%2Fcomments&post=22098"}],"version-history":[{"count":1,"href":"https:\/\/tacuarembo.gub.uy\/index.php?rest_route=\/wp\/v2\/posts\/22098\/revisions"}],"predecessor-version":[{"id":22100,"href":"https:\/\/tacuarembo.gub.uy\/index.php?rest_route=\/wp\/v2\/posts\/22098\/revisions\/22100"}],"wp:featuredmedia":[{"embeddable":true,"href":"https:\/\/tacuarembo.gub.uy\/index.php?rest_route=\/wp\/v2\/media\/22099"}],"wp:attachment":[{"href":"https:\/\/tacuarembo.gub.uy\/index.php?rest_route=%2Fwp%2Fv2%2Fmedia&parent=22098"}],"wp:term":[{"taxonomy":"category","embeddable":true,"href":"https:\/\/tacuarembo.gub.uy\/index.php?rest_route=%2Fwp%2Fv2%2Fcategories&post=22098"},{"taxonomy":"post_tag","embeddable":true,"href":"https:\/\/tacuarembo.gub.uy\/index.php?rest_route=%2Fwp%2Fv2%2Ftags&post=22098"}],"curies":[{"name":"wp","href":"https:\/\/api.w.org\/{rel}","templated":true}]}}