{"id":22088,"date":"2023-09-26T22:55:56","date_gmt":"2023-09-27T01:55:56","guid":{"rendered":"https:\/\/tacuarembo.gub.uy\/?p=22088"},"modified":"2023-09-26T23:06:51","modified_gmt":"2023-09-27T02:06:51","slug":"fallecio-dario-ferraz-braga","status":"publish","type":"post","link":"https:\/\/tacuarembo.gub.uy\/?p=22088","title":{"rendered":"Falleci\u00f3 Dar\u00edo Ferraz Braga"},"content":{"rendered":"\n<p>La Intendencia Departamental de Tacuaremb\u00f3 lamenta con profundo pesar el fallecimiento de Dar\u00edo Ferraz Braga, servidor p\u00fablico de larga trayectoria en el departamento.<\/p>\n\n\n\n<p>Cumpli\u00f3 diferentes roles en el gobierno departamental, siendo intendente, secretario general e integrando direcciones de la Intendencia de Tacuaremb\u00f3.<\/p>\n\n\n\n<p>Con afecto y profundo respeto, se env\u00edan las condolencias a su familia y se invita al acto de sepelio que se realizar\u00e1 este mi\u00e9rcoles 27 de setiembre, a la hora 10, en el Cementerio local.<\/p>\n\n\n<p><img loading=\"lazy\" decoding=\"async\" width=\"640\" height=\"427\" class=\"alignnone size-full wp-image-22089\" src=\"https:\/\/tacuarembo.gub.uy\/wp-content\/uploads\/IMG-20230926-WA0046.jpg\" alt=\"\" \/><\/p>","protected":false},"excerpt":{"rendered":"<p>La Intendencia Departamental de Tacuaremb\u00f3 lamenta con profundo pesar el fallecimiento de Dar\u00edo Ferr\u00e1z Braga, servidor p\u00fablico de larga trayectoria en el departamento<\/p>\n","protected":false},"author":3,"featured_media":22089,"comment_status":"open","ping_status":"open","sticky":false,"template":"","format":"standard","meta":{"_eb_attr":"","footnotes":""},"categories":[16],"tags":[],"class_list":{"0":"post-22088","1":"post","2":"type-post","3":"status-publish","4":"format-standard","5":"has-post-thumbnail","7":"category-noticias"},"_links":{"self":[{"href":"https:\/\/tacuarembo.gub.uy\/index.php?rest_route=\/wp\/v2\/posts\/22088","targetHints":{"allow":["GET"]}}],"collection":[{"href":"https:\/\/tacuarembo.gub.uy\/index.php?rest_route=\/wp\/v2\/posts"}],"about":[{"href":"https:\/\/tacuarembo.gub.uy\/index.php?rest_route=\/wp\/v2\/types\/post"}],"author":[{"embeddable":true,"href":"https:\/\/tacuarembo.gub.uy\/index.php?rest_route=\/wp\/v2\/users\/3"}],"replies":[{"embeddable":true,"href":"https:\/\/tacuarembo.gub.uy\/index.php?rest_route=%2Fwp%2Fv2%2Fcomments&post=22088"}],"version-history":[{"count":2,"href":"https:\/\/tacuarembo.gub.uy\/index.php?rest_route=\/wp\/v2\/posts\/22088\/revisions"}],"predecessor-version":[{"id":22091,"href":"https:\/\/tacuarembo.gub.uy\/index.php?rest_route=\/wp\/v2\/posts\/22088\/revisions\/22091"}],"wp:featuredmedia":[{"embeddable":true,"href":"https:\/\/tacuarembo.gub.uy\/index.php?rest_route=\/wp\/v2\/media\/22089"}],"wp:attachment":[{"href":"https:\/\/tacuarembo.gub.uy\/index.php?rest_route=%2Fwp%2Fv2%2Fmedia&parent=22088"}],"wp:term":[{"taxonomy":"category","embeddable":true,"href":"https:\/\/tacuarembo.gub.uy\/index.php?rest_route=%2Fwp%2Fv2%2Fcategories&post=22088"},{"taxonomy":"post_tag","embeddable":true,"href":"https:\/\/tacuarembo.gub.uy\/index.php?rest_route=%2Fwp%2Fv2%2Ftags&post=22088"}],"curies":[{"name":"wp","href":"https:\/\/api.w.org\/{rel}","templated":true}]}}