{"id":22081,"date":"2023-09-26T22:45:34","date_gmt":"2023-09-27T01:45:34","guid":{"rendered":"https:\/\/tacuarembo.gub.uy\/?p=22081"},"modified":"2023-09-26T22:48:19","modified_gmt":"2023-09-27T01:48:19","slug":"idt-participara-de-jornadas-sobre-economia-circular-y-ambiente","status":"publish","type":"post","link":"https:\/\/tacuarembo.gub.uy\/?p=22081","title":{"rendered":"IDT participar\u00e1 de Jornadas sobre Econom\u00eda Circular y Ambiente"},"content":{"rendered":"\n<p>La Jornada de Econom\u00eda Circular y Ambiente se realizar\u00e1 con el fin de sensibilizar sobre la adopci\u00f3n de pr\u00e1cticas sostenibles en la industria de la transformaci\u00f3n mec\u00e1nica de la madera y fomentar el impulso a la econom\u00eda circular en la regi\u00f3n norte de Uruguay. Habr\u00e1 actividades en Rivera y Tacuaremb\u00f3.<\/p>\n\n\n\n<p>Ser\u00e1 en el marco del proyecto Econom\u00eda Circular: Innovaci\u00f3n y Desarrollo Sustentable de la Industria de Transformaci\u00f3n Mec\u00e1nica de la Madera, iniciativa financiada por la Uni\u00f3n Europea, en el marco del acuerdo Facilidad de Desarrollo en Transici\u00f3n con la Agencia Uruguaya de Cooperaci\u00f3n Internacional (AUCI). El proyecto es ejecutado por el MIEM, a trav\u00e9s de la Direcci\u00f3n Nacional de Industrias (DNI) y la Direcci\u00f3n Nacional de Artesan\u00edas, Peque\u00f1as y Medianas Empresas (Dinapyme), con la participaci\u00f3n de la Intendencia Departamental de Rivera (IDR) y la Intendencia Departamental de Tacuaremb\u00f3 (IDT), socios estrat\u00e9gicos del proyecto.<\/p>\n\n\n<p><img loading=\"lazy\" decoding=\"async\" width=\"1638\" height=\"2048\" class=\"alignnone size-full wp-image-22084\" src=\"https:\/\/tacuarembo.gub.uy\/wp-content\/uploads\/IMG-20230926-WA0045.jpg\" alt=\"\" srcset=\"https:\/\/tacuarembo.gub.uy\/wp-content\/uploads\/IMG-20230926-WA0045.jpg 1638w, https:\/\/tacuarembo.gub.uy\/wp-content\/uploads\/IMG-20230926-WA0045-768x960.jpg 768w, https:\/\/tacuarembo.gub.uy\/wp-content\/uploads\/IMG-20230926-WA0045-1229x1536.jpg 1229w\" sizes=\"auto, (max-width: 1638px) 100vw, 1638px\" \/><\/p>\n\n\n<p>El mi\u00e9rcoles 4 de octubre habr\u00e1 actividades en la UTEC de Rivera, localizada en la calle Guido Machado Brum 2390. En tanto, el jueves 5 se expondr\u00e1 sobre Econom\u00eda Circular en la Transformaci\u00f3n Mec\u00e1nica de la Madera, en las instalaciones de la UDELAR Tacuaremb\u00f3 -Ruta 5, kil\u00f3metro 386.5-.<\/p>\n\n\n\n<p>Se adjunta el programa completo de actividades previstas para ambas jornadas.<\/p>\n\n\n\n<div data-wp-interactive=\"core\/file\" class=\"wp-block-file\"><object data-wp-bind--hidden=\"!state.hasPdfPreview\" hidden class=\"wp-block-file__embed\" data=\"https:\/\/tacuarembo.gub.uy\/wp-content\/uploads\/Economia-Circular-programa-1609_230926_224559.pdf\" type=\"application\/pdf\" style=\"width:100%;height:600px\" aria-label=\"PDF incrustado\"><\/object><a href=\"https:\/\/tacuarembo.gub.uy\/wp-content\/uploads\/Economia-Circular-programa-1609_230926_224559.pdf\" class=\"wp-block-file__button wp-element-button\" download>Descargar programa<\/a><\/div>\n","protected":false},"excerpt":{"rendered":"<p>La Jornada de Econom\u00eda Circular y Ambiente se realizar\u00e1 con el fin de sensibilizar sobre la adopci\u00f3n de pr\u00e1cticas sostenibles en la industria de la transformaci\u00f3n mec\u00e1nica de la madera y fomentar el impulso a la econom\u00eda circular en la regi\u00f3n norte de Uruguay. Habr\u00e1 actividades en Rivera y Tacuaremb\u00f3<\/p>\n","protected":false},"author":3,"featured_media":22082,"comment_status":"open","ping_status":"open","sticky":false,"template":"","format":"standard","meta":{"_eb_attr":"","footnotes":""},"categories":[29,16],"tags":[],"class_list":{"0":"post-22081","1":"post","2":"type-post","3":"status-publish","4":"format-standard","5":"has-post-thumbnail","7":"category-medio-ambiente","8":"category-noticias"},"_links":{"self":[{"href":"https:\/\/tacuarembo.gub.uy\/index.php?rest_route=\/wp\/v2\/posts\/22081","targetHints":{"allow":["GET"]}}],"collection":[{"href":"https:\/\/tacuarembo.gub.uy\/index.php?rest_route=\/wp\/v2\/posts"}],"about":[{"href":"https:\/\/tacuarembo.gub.uy\/index.php?rest_route=\/wp\/v2\/types\/post"}],"author":[{"embeddable":true,"href":"https:\/\/tacuarembo.gub.uy\/index.php?rest_route=\/wp\/v2\/users\/3"}],"replies":[{"embeddable":true,"href":"https:\/\/tacuarembo.gub.uy\/index.php?rest_route=%2Fwp%2Fv2%2Fcomments&post=22081"}],"version-history":[{"count":2,"href":"https:\/\/tacuarembo.gub.uy\/index.php?rest_route=\/wp\/v2\/posts\/22081\/revisions"}],"predecessor-version":[{"id":22087,"href":"https:\/\/tacuarembo.gub.uy\/index.php?rest_route=\/wp\/v2\/posts\/22081\/revisions\/22087"}],"wp:featuredmedia":[{"embeddable":true,"href":"https:\/\/tacuarembo.gub.uy\/index.php?rest_route=\/wp\/v2\/media\/22082"}],"wp:attachment":[{"href":"https:\/\/tacuarembo.gub.uy\/index.php?rest_route=%2Fwp%2Fv2%2Fmedia&parent=22081"}],"wp:term":[{"taxonomy":"category","embeddable":true,"href":"https:\/\/tacuarembo.gub.uy\/index.php?rest_route=%2Fwp%2Fv2%2Fcategories&post=22081"},{"taxonomy":"post_tag","embeddable":true,"href":"https:\/\/tacuarembo.gub.uy\/index.php?rest_route=%2Fwp%2Fv2%2Ftags&post=22081"}],"curies":[{"name":"wp","href":"https:\/\/api.w.org\/{rel}","templated":true}]}}