{"id":22070,"date":"2023-09-26T21:46:31","date_gmt":"2023-09-27T00:46:31","guid":{"rendered":"https:\/\/tacuarembo.gub.uy\/?p=22070"},"modified":"2023-09-26T21:51:06","modified_gmt":"2023-09-27T00:51:06","slug":"expertos-espanoles-intercambiaron-con-operadores-turisticos-de-tacuarembo","status":"publish","type":"post","link":"https:\/\/tacuarembo.gub.uy\/?p=22070","title":{"rendered":"Expertos espa\u00f1oles intercambiaron con operadores tur\u00edsticos de Tacuaremb\u00f3"},"content":{"rendered":"\n<p>La charla puso \u00e9nfasis en las experiencias en agroturismo dentro de la Comunidad Aut\u00f3noma de Extremadura y permiti\u00f3 transmitir conocimientos a los operadores del departamento de Tacuaremb\u00f3, quienes valoraron la oportunidad de recibir este tipo de informaci\u00f3n.<\/p>\n\n\n\n<p>A trav\u00e9s de la Direcci\u00f3n de Turismo se llev\u00f3 a cabo este encuentro informativo en la Sala de Conferencias del Anexo de la Intendencia de Tacuaremb\u00f3.<\/p>\n\n\n\n<p>Durante la actividad se cont\u00f3 con la participaci\u00f3n de Jos\u00e9 Murillo (v\u00eda zoom) y Carolina Ceballos desde la Junta de Extremadura, la referente de Turismo en Espacios Naturales del Mintur, Virginia Romero, el referente de la Regi\u00f3n Norte del Mintur y el director de Turismo de la Intendencia de Tacuaremb\u00f3, Marcelo Crespi.<\/p>\n\n\n\n<figure class=\"wp-block-embed is-provider-youtube wp-block-embed-youtube\"><div class=\"wp-block-embed__wrapper\">\n<iframe loading=\"lazy\" title=\"Ecoturismo, Charla para Emprendedores\" width=\"1080\" height=\"608\" src=\"https:\/\/www.youtube.com\/embed\/NiDKyprom_I?feature=oembed\" frameborder=\"0\" allow=\"accelerometer; autoplay; clipboard-write; encrypted-media; gyroscope; picture-in-picture; web-share\" referrerpolicy=\"strict-origin-when-cross-origin\" allowfullscreen><\/iframe>\n<\/div><\/figure>\n\n\n\n<p>Fue un di\u00e1logo fruct\u00edfero que expandi\u00f3 horizontes sobre las posibilidades del turismo rural a ambas m\u00e1rgenes del Atl\u00e1ntico. En ese contexto, Crespi resalt\u00f3 que \u201cse viene trabajando en el desarrollo del turismo rural y de naturaleza, d\u00e1ndole prioridad a la difusi\u00f3n de cada rinc\u00f3n del departamento y generando igualdad de oportunidades\u201d.<\/p>\n\n\n\n<p>Agreg\u00f3 que \u201ces importante para nosotros porque este gobierno entiende que el turismo es una actividad econ\u00f3mica para nuestro territorio, pero tambi\u00e9n para el desarrollo laboral de muchas personas\u201d.<\/p>\n\n\n\n\t\t<style type=\"text\/css\">\n\t\t\t#gallery-1 {\n\t\t\t\tmargin: auto;\n\t\t\t}\n\t\t\t#gallery-1 .gallery-item {\n\t\t\t\tfloat: left;\n\t\t\t\tmargin-top: 10px;\n\t\t\t\ttext-align: center;\n\t\t\t\twidth: 33%;\n\t\t\t}\n\t\t\t#gallery-1 img {\n\t\t\t\tborder: 2px solid #cfcfcf;\n\t\t\t}\n\t\t\t#gallery-1 .gallery-caption {\n\t\t\t\tmargin-left: 0;\n\t\t\t}\n\t\t\t\/* see gallery_shortcode() in wp-includes\/media.php *\/\n\t\t<\/style>\n\t\t<div id='gallery-1' class='gallery galleryid-22070 gallery-columns-3 gallery-size-thumbnail'><dl class='gallery-item'>\n\t\t\t<dt class='gallery-icon landscape'>\n\t\t\t\t<a href='https:\/\/tacuarembo.gub.uy\/?attachment_id=22072'><img loading=\"lazy\" decoding=\"async\" width=\"200\" height=\"140\" src=\"https:\/\/tacuarembo.gub.uy\/wp-content\/uploads\/IMG-20230926-WA0042-200x140.jpg\" class=\"attachment-thumbnail size-thumbnail\" alt=\"\" \/><\/a>\n\t\t\t<\/dt><\/dl><dl class='gallery-item'>\n\t\t\t<dt class='gallery-icon landscape'>\n\t\t\t\t<a href='https:\/\/tacuarembo.gub.uy\/?attachment_id=22073'><img loading=\"lazy\" decoding=\"async\" width=\"200\" height=\"140\" src=\"https:\/\/tacuarembo.gub.uy\/wp-content\/uploads\/IMG-20230926-WA0041-200x140.jpg\" class=\"attachment-thumbnail size-thumbnail\" alt=\"\" \/><\/a>\n\t\t\t<\/dt><\/dl><dl class='gallery-item'>\n\t\t\t<dt class='gallery-icon landscape'>\n\t\t\t\t<a href='https:\/\/tacuarembo.gub.uy\/?attachment_id=22074'><img loading=\"lazy\" decoding=\"async\" width=\"200\" height=\"140\" src=\"https:\/\/tacuarembo.gub.uy\/wp-content\/uploads\/IMG-20230926-WA0040-200x140.jpg\" class=\"attachment-thumbnail size-thumbnail\" alt=\"\" \/><\/a>\n\t\t\t<\/dt><\/dl><br style=\"clear: both\" \/><dl class='gallery-item'>\n\t\t\t<dt class='gallery-icon landscape'>\n\t\t\t\t<a href='https:\/\/tacuarembo.gub.uy\/?attachment_id=22075'><img loading=\"lazy\" decoding=\"async\" width=\"200\" height=\"140\" src=\"https:\/\/tacuarembo.gub.uy\/wp-content\/uploads\/IMG-20230926-WA0039-200x140.jpg\" class=\"attachment-thumbnail size-thumbnail\" alt=\"\" \/><\/a>\n\t\t\t<\/dt><\/dl><dl class='gallery-item'>\n\t\t\t<dt class='gallery-icon landscape'>\n\t\t\t\t<a href='https:\/\/tacuarembo.gub.uy\/?attachment_id=22076'><img loading=\"lazy\" decoding=\"async\" width=\"200\" height=\"140\" src=\"https:\/\/tacuarembo.gub.uy\/wp-content\/uploads\/IMG-20230926-WA0038-200x140.jpg\" class=\"attachment-thumbnail size-thumbnail\" alt=\"\" \/><\/a>\n\t\t\t<\/dt><\/dl>\n\t\t\t<br style='clear: both' \/>\n\t\t<\/div>\n","protected":false},"excerpt":{"rendered":"<p>La charla puso \u00e9nfasis en las experiencias en agroturismo dentro de la Comunidad Aut\u00f3noma de Extremadura y permiti\u00f3 transmitir conocimientos a los operadores del departamento de Tacuaremb\u00f3, quienes valoraron la oportunidad de recibir este tipo de informaci\u00f3n<\/p>\n","protected":false},"author":3,"featured_media":22075,"comment_status":"open","ping_status":"open","sticky":false,"template":"","format":"standard","meta":{"_eb_attr":"","footnotes":""},"categories":[16],"tags":[],"class_list":{"0":"post-22070","1":"post","2":"type-post","3":"status-publish","4":"format-standard","5":"has-post-thumbnail","7":"category-noticias"},"_links":{"self":[{"href":"https:\/\/tacuarembo.gub.uy\/index.php?rest_route=\/wp\/v2\/posts\/22070","targetHints":{"allow":["GET"]}}],"collection":[{"href":"https:\/\/tacuarembo.gub.uy\/index.php?rest_route=\/wp\/v2\/posts"}],"about":[{"href":"https:\/\/tacuarembo.gub.uy\/index.php?rest_route=\/wp\/v2\/types\/post"}],"author":[{"embeddable":true,"href":"https:\/\/tacuarembo.gub.uy\/index.php?rest_route=\/wp\/v2\/users\/3"}],"replies":[{"embeddable":true,"href":"https:\/\/tacuarembo.gub.uy\/index.php?rest_route=%2Fwp%2Fv2%2Fcomments&post=22070"}],"version-history":[{"count":3,"href":"https:\/\/tacuarembo.gub.uy\/index.php?rest_route=\/wp\/v2\/posts\/22070\/revisions"}],"predecessor-version":[{"id":22080,"href":"https:\/\/tacuarembo.gub.uy\/index.php?rest_route=\/wp\/v2\/posts\/22070\/revisions\/22080"}],"wp:featuredmedia":[{"embeddable":true,"href":"https:\/\/tacuarembo.gub.uy\/index.php?rest_route=\/wp\/v2\/media\/22075"}],"wp:attachment":[{"href":"https:\/\/tacuarembo.gub.uy\/index.php?rest_route=%2Fwp%2Fv2%2Fmedia&parent=22070"}],"wp:term":[{"taxonomy":"category","embeddable":true,"href":"https:\/\/tacuarembo.gub.uy\/index.php?rest_route=%2Fwp%2Fv2%2Fcategories&post=22070"},{"taxonomy":"post_tag","embeddable":true,"href":"https:\/\/tacuarembo.gub.uy\/index.php?rest_route=%2Fwp%2Fv2%2Ftags&post=22070"}],"curies":[{"name":"wp","href":"https:\/\/api.w.org\/{rel}","templated":true}]}}