{"id":22058,"date":"2023-09-26T14:46:48","date_gmt":"2023-09-26T17:46:48","guid":{"rendered":"https:\/\/tacuarembo.gub.uy\/?p=22058"},"modified":"2023-09-26T14:47:14","modified_gmt":"2023-09-26T17:47:14","slug":"semana-del-corazon-contara-con-un-amplio-cronograma-de-actividades-en-tacuarembo","status":"publish","type":"post","link":"https:\/\/tacuarembo.gub.uy\/?p=22058","title":{"rendered":"Semana del coraz\u00f3n contar\u00e1 con un amplio cronograma de actividades en Tacuaremb\u00f3"},"content":{"rendered":"\n<p>Bajo el lema \u201cCoraz\u00f3n en acci\u00f3n\u201d se realiz\u00f3 el lanzamiento de la Semana del Coraz\u00f3n que se extender\u00e1 desde el 24 al 30 de setiembre. La presentaci\u00f3n de las actividades se llev\u00f3 a cabo<br>en el Polideportivo Tacuaremb\u00f3 con la participaci\u00f3n de autoridades e instituciones departamentales.<\/p>\n\n\n\n<p>\u00d3scar Pedrozo, en representaci\u00f3n de la Direcci\u00f3n de Direcci\u00f3n de Deportes de la IDT, dio la bienvenida y resalt\u00f3 el trabajo de coordinaci\u00f3n para la generaci\u00f3n del calendario con las propuestas previstas en el departamento.<\/p>\n\n\n\n<p>La secretaria nacional de Deportes y referente departamental, Cecilia Molina, asegur\u00f3 que el objetivo principal \u201ces mejorar nuestra salud para tener una mejor calidad de vida, en este caso, orientado a la salud cardiovascular. Como departamento conformamos la Comisi\u00f3n de actividad f\u00edsica y salud que integran diversas instituciones y todos juntos hemos generado propuestas en las policl\u00ednicas de la ciudad y a nivel de los grupos de educaci\u00f3n f\u00edsica\u201d, remarc\u00f3.<\/p>\n\n\n\n<p>Como actividad principal, a la hora 9 del viernes 29 de setiembre, se invita a congregarse en la Plaza de Deportes para una correcaminata desde el Polideporitvo Tacuaremb\u00f3 hasta El Hongo -ida y vuelta- y despu\u00e9s habr\u00e1 una gran instancia con apoyo de estudiantes de UTU.<\/p>\n\n\n\n<p>En tanto, el director departamental de Salud, Jorge Coiti\u00f1o, destac\u00f3 la forma de trabajar \u201cde manera unida y entusiasta, aportando cada uno desde su actividad profesional y sin duda el tema que nos convoca es de relevante importancia siendo que las patolog\u00edas cardiacas configuran uno de los grandes factores de riesgo m\u00e1s importantes en la salud de la poblaci\u00f3n\u201d. En ese sentido, \u201capuntamos a disminuirlas o minimizarlas al m\u00e1ximo, creando conciencia y dando a conocer los diferentes riesgos porque muchos de ellos son evitables si cambiamos algunas conductas, tales como: actividad f\u00edsica, disminuir el sedentarismo, cuidar la alimentaci\u00f3n, y realizar controles\u201d, entre otras.<\/p>\n\n\n\n<p>Coiti\u00f1o exhort\u00f3 a la poblaci\u00f3n a acompa\u00f1ar y controlarse en los diferentes puntos que se han establecido para prevenir patolog\u00edas cardiovasculares.<\/p>\n\n\n\n<p>La conferencia de prensa, realizada este martes 26 de setiembre, cerr\u00f3 con la palabra del director de Ambiente, Jorge Castelli, quien manifest\u00f3 que es una semana especial para llegar a la poblaci\u00f3n. Particularmente, destac\u00f3 la instancia a desarrollarse el jueves &nbsp;28, a las 15 horas, en el Club Tacuaremb\u00f3. Se trata de la presentaci\u00f3n de un libro colectivo escrito por adultos mayores en su mayor\u00eda sobre la Plaza de Deportes.<\/p>\n\n\n<p><img loading=\"lazy\" decoding=\"async\" width=\"947\" height=\"1402\" class=\"alignnone size-full wp-image-22062\" src=\"https:\/\/tacuarembo.gub.uy\/wp-content\/uploads\/WhatsApp-Image-2023-09-26-at-14.43.15.jpeg\" alt=\"\" srcset=\"https:\/\/tacuarembo.gub.uy\/wp-content\/uploads\/WhatsApp-Image-2023-09-26-at-14.43.15.jpeg 947w, https:\/\/tacuarembo.gub.uy\/wp-content\/uploads\/WhatsApp-Image-2023-09-26-at-14.43.15-768x1137.jpeg 768w\" sizes=\"auto, (max-width: 947px) 100vw, 947px\" \/><\/p>\n<p><img loading=\"lazy\" decoding=\"async\" width=\"990\" height=\"1386\" class=\"alignnone size-full wp-image-22061\" src=\"https:\/\/tacuarembo.gub.uy\/wp-content\/uploads\/WhatsApp-Image-2023-09-26-at-14.43.151.jpeg\" alt=\"\" srcset=\"https:\/\/tacuarembo.gub.uy\/wp-content\/uploads\/WhatsApp-Image-2023-09-26-at-14.43.151.jpeg 990w, https:\/\/tacuarembo.gub.uy\/wp-content\/uploads\/WhatsApp-Image-2023-09-26-at-14.43.151-768x1075.jpeg 768w\" sizes=\"auto, (max-width: 990px) 100vw, 990px\" \/><img loading=\"lazy\" decoding=\"async\" width=\"1019\" height=\"1348\" class=\"alignnone size-full wp-image-22060\" src=\"https:\/\/tacuarembo.gub.uy\/wp-content\/uploads\/WhatsApp-Image-2023-09-26-at-14.43.16.jpeg\" alt=\"\" srcset=\"https:\/\/tacuarembo.gub.uy\/wp-content\/uploads\/WhatsApp-Image-2023-09-26-at-14.43.16.jpeg 1019w, https:\/\/tacuarembo.gub.uy\/wp-content\/uploads\/WhatsApp-Image-2023-09-26-at-14.43.16-768x1016.jpeg 768w\" sizes=\"auto, (max-width: 1019px) 100vw, 1019px\" \/>\u00a0 <\/p>\n\n\n<p>En el archivo adjunto se comparte el cronograma completo con los d\u00edas y horarios de cada actividad.<\/p>\n","protected":false},"excerpt":{"rendered":"<p>Bajo el lema \u201cCoraz\u00f3n en acci\u00f3n\u201d se realiz\u00f3 el lanzamiento de la Semana del Coraz\u00f3n que se extender\u00e1 desde el 24 al 30 de setiembre. La presentaci\u00f3n de las actividades se llev\u00f3 a cabo<br \/>\nen el Polideportivo Tacuaremb\u00f3 con la participaci\u00f3n de autoridades e instituciones departamentales<\/p>\n","protected":false},"author":3,"featured_media":22059,"comment_status":"open","ping_status":"open","sticky":false,"template":"","format":"standard","meta":{"_eb_attr":"","footnotes":""},"categories":[31,29,16],"tags":[],"class_list":{"0":"post-22058","1":"post","2":"type-post","3":"status-publish","4":"format-standard","5":"has-post-thumbnail","7":"category-deportes","8":"category-medio-ambiente","9":"category-noticias"},"_links":{"self":[{"href":"https:\/\/tacuarembo.gub.uy\/index.php?rest_route=\/wp\/v2\/posts\/22058","targetHints":{"allow":["GET"]}}],"collection":[{"href":"https:\/\/tacuarembo.gub.uy\/index.php?rest_route=\/wp\/v2\/posts"}],"about":[{"href":"https:\/\/tacuarembo.gub.uy\/index.php?rest_route=\/wp\/v2\/types\/post"}],"author":[{"embeddable":true,"href":"https:\/\/tacuarembo.gub.uy\/index.php?rest_route=\/wp\/v2\/users\/3"}],"replies":[{"embeddable":true,"href":"https:\/\/tacuarembo.gub.uy\/index.php?rest_route=%2Fwp%2Fv2%2Fcomments&post=22058"}],"version-history":[{"count":1,"href":"https:\/\/tacuarembo.gub.uy\/index.php?rest_route=\/wp\/v2\/posts\/22058\/revisions"}],"predecessor-version":[{"id":22063,"href":"https:\/\/tacuarembo.gub.uy\/index.php?rest_route=\/wp\/v2\/posts\/22058\/revisions\/22063"}],"wp:featuredmedia":[{"embeddable":true,"href":"https:\/\/tacuarembo.gub.uy\/index.php?rest_route=\/wp\/v2\/media\/22059"}],"wp:attachment":[{"href":"https:\/\/tacuarembo.gub.uy\/index.php?rest_route=%2Fwp%2Fv2%2Fmedia&parent=22058"}],"wp:term":[{"taxonomy":"category","embeddable":true,"href":"https:\/\/tacuarembo.gub.uy\/index.php?rest_route=%2Fwp%2Fv2%2Fcategories&post=22058"},{"taxonomy":"post_tag","embeddable":true,"href":"https:\/\/tacuarembo.gub.uy\/index.php?rest_route=%2Fwp%2Fv2%2Ftags&post=22058"}],"curies":[{"name":"wp","href":"https:\/\/api.w.org\/{rel}","templated":true}]}}