{"id":22052,"date":"2023-09-26T11:52:08","date_gmt":"2023-09-26T14:52:08","guid":{"rendered":"https:\/\/tacuarembo.gub.uy\/?p=22052"},"modified":"2023-09-26T11:52:09","modified_gmt":"2023-09-26T14:52:09","slug":"linea-101-modificara-su-recorrido-a-partir-del-2-de-octubre","status":"publish","type":"post","link":"https:\/\/tacuarembo.gub.uy\/?p=22052","title":{"rendered":"L\u00ednea 101 modificar\u00e1 su recorrido a partir del 2 de octubre"},"content":{"rendered":"\n<p>La Intendencia de Tacuaremb\u00f3, a trav\u00e9s de su Direcci\u00f3n de Transporte, informa a la poblaci\u00f3n que habr\u00e1 cambios en el recorrido de la l\u00ednea 101 a partir del pr\u00f3ximo lunes 2 de octubre.<\/p>\n\n\n\n<p>La modificaci\u00f3n comprende a la ruta de regreso de esta l\u00ednea de transporte de pasajeros desde el barrio Centenario. En lugar de seguir su recorrido habitual -al pasar por la rotonda de la bandera y la v\u00eda- tomar\u00e1 un nuevo trayecto por las calles Sim\u00f3n Bol\u00edvar, Timoteo Aparicio y hasta Victorino Pereira, donde se encuentra la Terminal de \u00d3mnibus. Desde all\u00ed, continuar\u00e1 su recorrido normal.<\/p>\n\n\n\n<p>Esta acci\u00f3n tiene como objetivo mejorar la eficiencia y la conectividad del servicio de transporte p\u00fablico en la zona, brindando a los usuarios una alternativa m\u00e1s conveniente.<\/p>\n\n\n\n<p>Los horarios y frecuencias seguir\u00e1n siendo los mismos.<\/p>\n\n\n<p><img loading=\"lazy\" decoding=\"async\" width=\"1084\" height=\"1080\" class=\"alignnone size-full wp-image-22054\" src=\"https:\/\/tacuarembo.gub.uy\/wp-content\/uploads\/WhatsApp-Image-2023-09-26-at-11.43.331.jpeg\" alt=\"\" srcset=\"https:\/\/tacuarembo.gub.uy\/wp-content\/uploads\/WhatsApp-Image-2023-09-26-at-11.43.331.jpeg 1084w, https:\/\/tacuarembo.gub.uy\/wp-content\/uploads\/WhatsApp-Image-2023-09-26-at-11.43.331-768x765.jpeg 768w\" sizes=\"auto, (max-width: 1084px) 100vw, 1084px\" \/> <img loading=\"lazy\" decoding=\"async\" width=\"1076\" height=\"1080\" class=\"alignnone size-full wp-image-22055\" src=\"https:\/\/tacuarembo.gub.uy\/wp-content\/uploads\/WhatsApp-Image-2023-09-26-at-11.43.33.jpeg\" alt=\"\" srcset=\"https:\/\/tacuarembo.gub.uy\/wp-content\/uploads\/WhatsApp-Image-2023-09-26-at-11.43.33.jpeg 1076w, https:\/\/tacuarembo.gub.uy\/wp-content\/uploads\/WhatsApp-Image-2023-09-26-at-11.43.33-768x771.jpeg 768w\" sizes=\"auto, (max-width: 1076px) 100vw, 1076px\" \/> <img loading=\"lazy\" decoding=\"async\" width=\"1600\" height=\"800\" class=\"alignnone size-full wp-image-22056\" src=\"https:\/\/tacuarembo.gub.uy\/wp-content\/uploads\/WhatsApp-Image-2023-09-26-at-11.43.32.jpeg\" alt=\"\" srcset=\"https:\/\/tacuarembo.gub.uy\/wp-content\/uploads\/WhatsApp-Image-2023-09-26-at-11.43.32.jpeg 1600w, https:\/\/tacuarembo.gub.uy\/wp-content\/uploads\/WhatsApp-Image-2023-09-26-at-11.43.32-768x384.jpeg 768w, https:\/\/tacuarembo.gub.uy\/wp-content\/uploads\/WhatsApp-Image-2023-09-26-at-11.43.32-1536x768.jpeg 1536w\" sizes=\"auto, (max-width: 1600px) 100vw, 1600px\" \/><\/p>","protected":false},"excerpt":{"rendered":"<p>La Intendencia de Tacuaremb\u00f3, a trav\u00e9s de su Direcci\u00f3n de Transporte, informa a la poblaci\u00f3n que habr\u00e1 cambios en el recorrido de la l\u00ednea 101 a partir del pr\u00f3ximo lunes 2 de octubre<\/p>\n","protected":false},"author":3,"featured_media":22053,"comment_status":"open","ping_status":"open","sticky":false,"template":"","format":"standard","meta":{"_eb_attr":"","footnotes":""},"categories":[16],"tags":[],"class_list":{"0":"post-22052","1":"post","2":"type-post","3":"status-publish","4":"format-standard","5":"has-post-thumbnail","7":"category-noticias"},"_links":{"self":[{"href":"https:\/\/tacuarembo.gub.uy\/index.php?rest_route=\/wp\/v2\/posts\/22052","targetHints":{"allow":["GET"]}}],"collection":[{"href":"https:\/\/tacuarembo.gub.uy\/index.php?rest_route=\/wp\/v2\/posts"}],"about":[{"href":"https:\/\/tacuarembo.gub.uy\/index.php?rest_route=\/wp\/v2\/types\/post"}],"author":[{"embeddable":true,"href":"https:\/\/tacuarembo.gub.uy\/index.php?rest_route=\/wp\/v2\/users\/3"}],"replies":[{"embeddable":true,"href":"https:\/\/tacuarembo.gub.uy\/index.php?rest_route=%2Fwp%2Fv2%2Fcomments&post=22052"}],"version-history":[{"count":1,"href":"https:\/\/tacuarembo.gub.uy\/index.php?rest_route=\/wp\/v2\/posts\/22052\/revisions"}],"predecessor-version":[{"id":22057,"href":"https:\/\/tacuarembo.gub.uy\/index.php?rest_route=\/wp\/v2\/posts\/22052\/revisions\/22057"}],"wp:featuredmedia":[{"embeddable":true,"href":"https:\/\/tacuarembo.gub.uy\/index.php?rest_route=\/wp\/v2\/media\/22053"}],"wp:attachment":[{"href":"https:\/\/tacuarembo.gub.uy\/index.php?rest_route=%2Fwp%2Fv2%2Fmedia&parent=22052"}],"wp:term":[{"taxonomy":"category","embeddable":true,"href":"https:\/\/tacuarembo.gub.uy\/index.php?rest_route=%2Fwp%2Fv2%2Fcategories&post=22052"},{"taxonomy":"post_tag","embeddable":true,"href":"https:\/\/tacuarembo.gub.uy\/index.php?rest_route=%2Fwp%2Fv2%2Ftags&post=22052"}],"curies":[{"name":"wp","href":"https:\/\/api.w.org\/{rel}","templated":true}]}}