{"id":22050,"date":"2023-09-25T17:56:18","date_gmt":"2023-09-25T20:56:18","guid":{"rendered":"https:\/\/tacuarembo.gub.uy\/?p=22050"},"modified":"2023-10-03T09:11:25","modified_gmt":"2023-10-03T12:11:25","slug":"comision-37a-fiesta-de-la-patria-gaucha","status":"publish","type":"post","link":"https:\/\/tacuarembo.gub.uy\/?p=22050","title":{"rendered":"Comisi\u00f3n 37\u00aa Fiesta de la Patria Gaucha"},"content":{"rendered":"\n<p><br>Por Resoluci\u00f3n N\u00b0 1884\/2023, el Intendente de Tacuaremb\u00f3 resuelve: 1\u00b0) Dis\u00edgnase para integrar la Comisi\u00f3n Organizadora de la 37\u00aa. Edici\u00f3n de la \u201cFiesta de la Patria Gaucha\u201d, a\u00f1o 2024, a los siguientes integrantes: Arq. Hugo Pereda, quien actuar\u00e1 como Presidente, Cr. Luis Ignacio Cuadrado quien actuar\u00e1 como Vice-Presidente, Mtro. Richard Menoni, Mtra. Alicia Chiappara Cuello, Gerardo Mautone del Pino, Dr. Carlos Arezo Posada, Felipe Bruno Yarto, Juan F. Eustathiou, Agapito Leal, Sonia Reggi, Sergio Losada, Sergio da Rosa, Alejandro Otegui Saralegui, Marcelo Crespi, Ing.Agrim. Iv\u00e1n R\u00edos, Tte.Cnel. Ruben Brum, H\u00e9ctor Mart\u00ednez Miralles, Cr. Homero Formoso, Cra. Mar\u00eda Victoria Ezquerra, Arq. Enzo Vallejos y Loreley Alam\u00f3n. 2\u00b0) Des\u00edngase para integrar la Comisi\u00f3n Organzadora de la 37\u00aa Fiesta de la Patria Gaucha, edici\u00f3n 2024, como representantes de las Sociedades Criollas Mariana Luque y Mario J\u00e9sus Mart\u00ednez Balda. 3\u00b0) La representaci\u00f3n de la mencionada Comisi\u00f3n ser\u00e1 ejercida por: Arq. Hugo Pereda y Cr. Ignacio Cuadrado, en forma conjunta, quienes tendr\u00e1n las m\u00e1s amplias facultades para suscribir los documentos, contratos de cualquier naturaleza, que resulten necesarios para el cumplimiento de los fines encomendados a dicha Comisi\u00f3n<\/p>\n","protected":false},"excerpt":{"rendered":"<p>Por Resoluci\u00f3n N\u00b0 1884\/2023, el Intendente de Tacuaremb\u00f3 resuelve: 1\u00b0) Dis\u00edgnase para integrar la Comisi\u00f3n Organizadora de la 37\u00aa. Edici\u00f3n de la \u201cFiesta de la Patria Gaucha\u201d, a\u00f1o 2024<\/p>\n","protected":false},"author":3,"featured_media":22264,"comment_status":"open","ping_status":"open","sticky":false,"template":"","format":"standard","meta":{"_eb_attr":"","footnotes":""},"categories":[38,16],"tags":[],"class_list":{"0":"post-22050","1":"post","2":"type-post","3":"status-publish","4":"format-standard","5":"has-post-thumbnail","7":"category-comunicados-de-prensa","8":"category-noticias"},"_links":{"self":[{"href":"https:\/\/tacuarembo.gub.uy\/index.php?rest_route=\/wp\/v2\/posts\/22050","targetHints":{"allow":["GET"]}}],"collection":[{"href":"https:\/\/tacuarembo.gub.uy\/index.php?rest_route=\/wp\/v2\/posts"}],"about":[{"href":"https:\/\/tacuarembo.gub.uy\/index.php?rest_route=\/wp\/v2\/types\/post"}],"author":[{"embeddable":true,"href":"https:\/\/tacuarembo.gub.uy\/index.php?rest_route=\/wp\/v2\/users\/3"}],"replies":[{"embeddable":true,"href":"https:\/\/tacuarembo.gub.uy\/index.php?rest_route=%2Fwp%2Fv2%2Fcomments&post=22050"}],"version-history":[{"count":1,"href":"https:\/\/tacuarembo.gub.uy\/index.php?rest_route=\/wp\/v2\/posts\/22050\/revisions"}],"predecessor-version":[{"id":22051,"href":"https:\/\/tacuarembo.gub.uy\/index.php?rest_route=\/wp\/v2\/posts\/22050\/revisions\/22051"}],"wp:featuredmedia":[{"embeddable":true,"href":"https:\/\/tacuarembo.gub.uy\/index.php?rest_route=\/wp\/v2\/media\/22264"}],"wp:attachment":[{"href":"https:\/\/tacuarembo.gub.uy\/index.php?rest_route=%2Fwp%2Fv2%2Fmedia&parent=22050"}],"wp:term":[{"taxonomy":"category","embeddable":true,"href":"https:\/\/tacuarembo.gub.uy\/index.php?rest_route=%2Fwp%2Fv2%2Fcategories&post=22050"},{"taxonomy":"post_tag","embeddable":true,"href":"https:\/\/tacuarembo.gub.uy\/index.php?rest_route=%2Fwp%2Fv2%2Ftags&post=22050"}],"curies":[{"name":"wp","href":"https:\/\/api.w.org\/{rel}","templated":true}]}}