{"id":22045,"date":"2023-09-25T16:01:18","date_gmt":"2023-09-25T19:01:18","guid":{"rendered":"https:\/\/tacuarembo.gub.uy\/?p=22045"},"modified":"2023-09-25T16:01:20","modified_gmt":"2023-09-25T19:01:20","slug":"variacion-en-recorrido-linea-101","status":"publish","type":"post","link":"https:\/\/tacuarembo.gub.uy\/?p=22045","title":{"rendered":"Variaci\u00f3n en recorrido l\u00ednea 101"},"content":{"rendered":"\n<p>La Intendencia de Tacuaremb\u00f3, Dir. de Transporte informan a la poblaci\u00f3n que, a partir del lunes 2 de octubre pr\u00f3ximo, el recorrido de la l\u00ednea 101 de transporte urbano tendr\u00e1 una variaci\u00f3n en su recorrido: al regresar de Barrio Centenario por Pablo R\u00edos pasando la rotonda de la bandera y la v\u00eda, tomar\u00e1 por calles: Sim\u00f3n Bol\u00edvar, Timoteo Aparicio hasta Victorino Pereira, Terminal de \u00d3mnibus, continuando por su recorrido habitual<\/p>\n","protected":false},"excerpt":{"rendered":"<p>La Intendencia de Tacuaremb\u00f3, Dir. de Transporte informan a la poblaci\u00f3n que, a partir del lunes 2 de octubre pr\u00f3ximo, el recorrido de la l\u00ednea 101 de transporte urbano tendr\u00e1 una variaci\u00f3n en su recorrido: al regresar de Barrio Centenario por Pablo R\u00edos pasando la rotonda de la bandera y la v\u00eda, tomar\u00e1 por calles: Sim\u00f3n Bol\u00edvar, Timoteo Aparicio hasta Victorino Pereira, Terminal de \u00d3mnibus, continuando por su recorrido habitual<\/p>\n","protected":false},"author":3,"featured_media":22046,"comment_status":"open","ping_status":"open","sticky":false,"template":"","format":"standard","meta":{"_eb_attr":"","footnotes":""},"categories":[38],"tags":[],"class_list":{"0":"post-22045","1":"post","2":"type-post","3":"status-publish","4":"format-standard","5":"has-post-thumbnail","7":"category-comunicados-de-prensa"},"_links":{"self":[{"href":"https:\/\/tacuarembo.gub.uy\/index.php?rest_route=\/wp\/v2\/posts\/22045","targetHints":{"allow":["GET"]}}],"collection":[{"href":"https:\/\/tacuarembo.gub.uy\/index.php?rest_route=\/wp\/v2\/posts"}],"about":[{"href":"https:\/\/tacuarembo.gub.uy\/index.php?rest_route=\/wp\/v2\/types\/post"}],"author":[{"embeddable":true,"href":"https:\/\/tacuarembo.gub.uy\/index.php?rest_route=\/wp\/v2\/users\/3"}],"replies":[{"embeddable":true,"href":"https:\/\/tacuarembo.gub.uy\/index.php?rest_route=%2Fwp%2Fv2%2Fcomments&post=22045"}],"version-history":[{"count":1,"href":"https:\/\/tacuarembo.gub.uy\/index.php?rest_route=\/wp\/v2\/posts\/22045\/revisions"}],"predecessor-version":[{"id":22047,"href":"https:\/\/tacuarembo.gub.uy\/index.php?rest_route=\/wp\/v2\/posts\/22045\/revisions\/22047"}],"wp:featuredmedia":[{"embeddable":true,"href":"https:\/\/tacuarembo.gub.uy\/index.php?rest_route=\/wp\/v2\/media\/22046"}],"wp:attachment":[{"href":"https:\/\/tacuarembo.gub.uy\/index.php?rest_route=%2Fwp%2Fv2%2Fmedia&parent=22045"}],"wp:term":[{"taxonomy":"category","embeddable":true,"href":"https:\/\/tacuarembo.gub.uy\/index.php?rest_route=%2Fwp%2Fv2%2Fcategories&post=22045"},{"taxonomy":"post_tag","embeddable":true,"href":"https:\/\/tacuarembo.gub.uy\/index.php?rest_route=%2Fwp%2Fv2%2Ftags&post=22045"}],"curies":[{"name":"wp","href":"https:\/\/api.w.org\/{rel}","templated":true}]}}