{"id":22026,"date":"2023-09-22T20:46:27","date_gmt":"2023-09-22T23:46:27","guid":{"rendered":"https:\/\/tacuarembo.gub.uy\/?p=22026"},"modified":"2023-11-16T22:18:32","modified_gmt":"2023-11-17T01:18:32","slug":"reglamento-para-el-concurso-publico-de-seleccion-de-la-bandera-del-departamento","status":"publish","type":"post","link":"https:\/\/tacuarembo.gub.uy\/?p=22026","title":{"rendered":"Reglamento para el Concurso P\u00fablico de selecci\u00f3n de la Bandera del departamento"},"content":{"rendered":"\n<p>La Intendencia de Tacuaremb\u00f3, a trav\u00e9s de la Direcci\u00f3n General de Educaci\u00f3n y Cultura, comparte el reglamento y las bases para el Concurso P\u00fablico de selecci\u00f3n de la Bandera del departamento.<\/p>\n\n\n\n<p>El secretario general de la IDT, Jos\u00e9 Omar Men\u00e9ndez, resalt\u00f3 que es un s\u00edmbolo muy importante que nuclea y le da visibilidad al departamento, generando una identidad tacuaremboense. En ese sentido, \u201cnos parece relevante que Tacuaremb\u00f3 tenga su bandera como s\u00edmbolo reconocido y aceptado por todos\u201d, resalt\u00f3.<\/p>\n\n\n\n<p>La Bandera tiene como funci\u00f3n primordial congregar grupos humanos a su alrededor, pues reconoci\u00e9ndose identificados con ella se sienten diferenciados de los dem\u00e1s. Se<br>ha generalizado mundialmente por los municipios, provincias o estados, detentar su propio pabell\u00f3n.<\/p>\n\n\n\n<p>En ese sentido, es de sumo inter\u00e9s contar con el otro s\u00edmbolo departamental, pues ante los avances de la globalizaci\u00f3n la identificaci\u00f3n es base para fortalecer el localismo.<\/p>\n\n\n\n<p>Se invita a la comunidad a participar de esta iniciativa mediante la entrega de sus trabajos, cumpliendo con las condiciones de las bases del presente concurso.<\/p>\n\n\n\n<p>Habr\u00e1 un primer y \u00fanico premio de $ 50.000 (pesos uruguayos cincuenta mil).<\/p>\n\n\n\n<div data-wp-interactive=\"core\/file\" class=\"wp-block-file\"><object data-wp-bind--hidden=\"!state.hasPdfPreview\" hidden class=\"wp-block-file__embed\" data=\"https:\/\/tacuarembo.gub.uy\/wp-content\/uploads\/reglamentobandera_230922_192931-1.pdf\" type=\"application\/pdf\" style=\"width:100%;height:600px\" aria-label=\"PDF incrustado\"><\/object><a href=\"https:\/\/tacuarembo.gub.uy\/wp-content\/uploads\/reglamentobandera_230922_192931-1.pdf\" class=\"wp-block-file__button wp-element-button\" download>Descargar Reglamento<\/a><\/div>\n","protected":false},"excerpt":{"rendered":"<p>La Intendencia de Tacuaremb\u00f3, a trav\u00e9s de la Direcci\u00f3n General de Educaci\u00f3n y Cultura, comparte el reglamento y las bases para el Concurso P\u00fablico de selecci\u00f3n de la Bandera del departamento<\/p>\n","protected":false},"author":3,"featured_media":22064,"comment_status":"open","ping_status":"open","sticky":false,"template":"","format":"standard","meta":{"_eb_attr":"","footnotes":""},"categories":[16],"tags":[],"class_list":{"0":"post-22026","1":"post","2":"type-post","3":"status-publish","4":"format-standard","5":"has-post-thumbnail","7":"category-noticias"},"_links":{"self":[{"href":"https:\/\/tacuarembo.gub.uy\/index.php?rest_route=\/wp\/v2\/posts\/22026","targetHints":{"allow":["GET"]}}],"collection":[{"href":"https:\/\/tacuarembo.gub.uy\/index.php?rest_route=\/wp\/v2\/posts"}],"about":[{"href":"https:\/\/tacuarembo.gub.uy\/index.php?rest_route=\/wp\/v2\/types\/post"}],"author":[{"embeddable":true,"href":"https:\/\/tacuarembo.gub.uy\/index.php?rest_route=\/wp\/v2\/users\/3"}],"replies":[{"embeddable":true,"href":"https:\/\/tacuarembo.gub.uy\/index.php?rest_route=%2Fwp%2Fv2%2Fcomments&post=22026"}],"version-history":[{"count":3,"href":"https:\/\/tacuarembo.gub.uy\/index.php?rest_route=\/wp\/v2\/posts\/22026\/revisions"}],"predecessor-version":[{"id":22905,"href":"https:\/\/tacuarembo.gub.uy\/index.php?rest_route=\/wp\/v2\/posts\/22026\/revisions\/22905"}],"wp:featuredmedia":[{"embeddable":true,"href":"https:\/\/tacuarembo.gub.uy\/index.php?rest_route=\/wp\/v2\/media\/22064"}],"wp:attachment":[{"href":"https:\/\/tacuarembo.gub.uy\/index.php?rest_route=%2Fwp%2Fv2%2Fmedia&parent=22026"}],"wp:term":[{"taxonomy":"category","embeddable":true,"href":"https:\/\/tacuarembo.gub.uy\/index.php?rest_route=%2Fwp%2Fv2%2Fcategories&post=22026"},{"taxonomy":"post_tag","embeddable":true,"href":"https:\/\/tacuarembo.gub.uy\/index.php?rest_route=%2Fwp%2Fv2%2Ftags&post=22026"}],"curies":[{"name":"wp","href":"https:\/\/api.w.org\/{rel}","templated":true}]}}