{"id":21993,"date":"2023-09-19T21:09:49","date_gmt":"2023-09-20T00:09:49","guid":{"rendered":"https:\/\/tacuarembo.gub.uy\/?p=21993"},"modified":"2023-09-19T21:09:51","modified_gmt":"2023-09-20T00:09:51","slug":"experta-espanola-en-ecoturismo-y-agroturismo-compartira-sus-conocimientos-en-tacuarembo","status":"publish","type":"post","link":"https:\/\/tacuarembo.gub.uy\/?p=21993","title":{"rendered":"Experta espa\u00f1ola en ecoturismo y agroturismo compartir\u00e1 sus conocimientos en Tacuaremb\u00f3"},"content":{"rendered":"\n<p>En un esfuerzo conjunto entre el Ministerio de Turismo de Uruguay y la Direcci\u00f3n de Turismo de la Intendencia de Tacuaremb\u00f3, se brindar\u00e1 una valiosa oportunidad para operadores tur\u00edsticos del departamento. Se trata de una charla informativa sobre las mejores pr\u00e1cticas en agroturismo y ecoturismo, tomando como inspiraci\u00f3n la exitosa experiencia de la comunidad aut\u00f3noma de Extremadura en Espa\u00f1a.<\/p>\n\n\n\n<figure class=\"wp-block-image size-large\"><img loading=\"lazy\" decoding=\"async\" width=\"800\" height=\"420\" src=\"https:\/\/tacuarembo.gub.uy\/wp-content\/uploads\/IMG-20230919-WA0067-800x420.jpg\" alt=\"\" class=\"wp-image-21994\"\/><\/figure>\n\n\n\n<p>Una destacada experta espa\u00f1ola en ecoturismo y agroturismo ser\u00e1 la encargada de impartir esta enriquecedora charla. Este evento se llevar\u00e1 a cabo el pr\u00f3ximo viernes 22 de setiembre, entre las 18 y las 20 horas, en la Sala de Conferencias del Anexo de la Intendencia de Tacuaremb\u00f3, ubicada en General Flores 185 (Piso 3).<\/p>\n\n\n\n<p>Este encuentro representa una oportunidad \u00fanica para quienes buscan mejorar y desarrollar sus iniciativas en este campo. La colaboraci\u00f3n internacional y la experiencia compartida prometen enriquecer el panorama del turismo en Tacuaremb\u00f3 y sus alrededores<\/p>\n","protected":false},"excerpt":{"rendered":"<p>En un esfuerzo conjunto entre el Ministerio de Turismo de Uruguay y la Direcci\u00f3n de Turismo de la Intendencia de Tacuaremb\u00f3, se brindar\u00e1 una valiosa oportunidad para operadores tur\u00edsticos del departamento. Se trata de una charla informativa sobre las mejores pr\u00e1cticas en agroturismo y ecoturismo, tomando como inspiraci\u00f3n la exitosa experiencia de la comunidad aut\u00f3noma de Extremadura en Espa\u00f1a<\/p>\n","protected":false},"author":3,"featured_media":21994,"comment_status":"open","ping_status":"open","sticky":false,"template":"","format":"standard","meta":{"_eb_attr":"","footnotes":""},"categories":[16],"tags":[],"class_list":{"0":"post-21993","1":"post","2":"type-post","3":"status-publish","4":"format-standard","5":"has-post-thumbnail","7":"category-noticias"},"_links":{"self":[{"href":"https:\/\/tacuarembo.gub.uy\/index.php?rest_route=\/wp\/v2\/posts\/21993","targetHints":{"allow":["GET"]}}],"collection":[{"href":"https:\/\/tacuarembo.gub.uy\/index.php?rest_route=\/wp\/v2\/posts"}],"about":[{"href":"https:\/\/tacuarembo.gub.uy\/index.php?rest_route=\/wp\/v2\/types\/post"}],"author":[{"embeddable":true,"href":"https:\/\/tacuarembo.gub.uy\/index.php?rest_route=\/wp\/v2\/users\/3"}],"replies":[{"embeddable":true,"href":"https:\/\/tacuarembo.gub.uy\/index.php?rest_route=%2Fwp%2Fv2%2Fcomments&post=21993"}],"version-history":[{"count":1,"href":"https:\/\/tacuarembo.gub.uy\/index.php?rest_route=\/wp\/v2\/posts\/21993\/revisions"}],"predecessor-version":[{"id":21995,"href":"https:\/\/tacuarembo.gub.uy\/index.php?rest_route=\/wp\/v2\/posts\/21993\/revisions\/21995"}],"wp:featuredmedia":[{"embeddable":true,"href":"https:\/\/tacuarembo.gub.uy\/index.php?rest_route=\/wp\/v2\/media\/21994"}],"wp:attachment":[{"href":"https:\/\/tacuarembo.gub.uy\/index.php?rest_route=%2Fwp%2Fv2%2Fmedia&parent=21993"}],"wp:term":[{"taxonomy":"category","embeddable":true,"href":"https:\/\/tacuarembo.gub.uy\/index.php?rest_route=%2Fwp%2Fv2%2Fcategories&post=21993"},{"taxonomy":"post_tag","embeddable":true,"href":"https:\/\/tacuarembo.gub.uy\/index.php?rest_route=%2Fwp%2Fv2%2Ftags&post=21993"}],"curies":[{"name":"wp","href":"https:\/\/api.w.org\/{rel}","templated":true}]}}