{"id":21991,"date":"2023-09-19T17:05:23","date_gmt":"2023-09-19T20:05:23","guid":{"rendered":"https:\/\/tacuarembo.gub.uy\/?p=21991"},"modified":"2023-09-19T17:05:25","modified_gmt":"2023-09-19T20:05:25","slug":"elecciones-en-centro-de-barrio-6-4","status":"publish","type":"post","link":"https:\/\/tacuarembo.gub.uy\/?p=21991","title":{"rendered":"Elecciones en Centro de Barrio 6"},"content":{"rendered":"\n<p>La Intendencia de Tacuaremb\u00f3, Dir.Gral. de Desarrollo Social, Promoci\u00f3n Social, convocan a vecinos y\/o comisiones barriales de los barrios: Zapic\u00e1n, N\u00fa\u00f1ez, Montevideo, Licandro, Cuchilla de la Gloria y El Patio, para participar de las elecciones de nuevas autoridades de Mesa Ejecutiva y Comisi\u00f3n Fiscal de Centro de Barrio N\u00b0 6 \u201cUni\u00f3n Europea\u201d de Barrio Montevideo. Las inscripciones se realizan desde el mi\u00e9rcoles 20 de setiembre al jueves 12 de octubre en horario de 09:00 a 16:00 en el Centro de Barrio y en la Dir.Promoci\u00f3n Social en horario de 12:30 a 18:00 horas. Las elecciones se realizar\u00e1n el domingo 15 de octubre de 10:00 a 15:00 horas. Requisitos: ser mayor de 18 a\u00f1os, contar con antig\u00fcedad mayor a 6 meses de residencia en la zona; debiendo presentar la siguiente documentaci\u00f3n: c\u00e9dula de identidad vigente, recibo de Ose, Ute o Antel que acredite su domicilio, con las fotocopias de toda esta documentaci\u00f3n.<\/p>\n","protected":false},"excerpt":{"rendered":"<p>La Intendencia de Tacuaremb\u00f3, Dir.Gral. de Desarrollo Social, Promoci\u00f3n Social, convocan a vecinos y\/o comisiones barriales de los barrios: Zapic\u00e1n, N\u00fa\u00f1ez, Montevideo, Licandro, Cuchilla de la Gloria y El Patio, para participar de las elecciones de nuevas autoridades de Mesa Ejecutiva y Comisi\u00f3n Fiscal de Centro de Barrio N\u00b0 6 \u201cUni\u00f3n Europea\u201d de Barrio Montevideo<\/p>\n","protected":false},"author":3,"featured_media":0,"comment_status":"open","ping_status":"open","sticky":false,"template":"","format":"standard","meta":{"_eb_attr":"","footnotes":""},"categories":[38],"tags":[],"class_list":{"0":"post-21991","1":"post","2":"type-post","3":"status-publish","4":"format-standard","6":"category-comunicados-de-prensa"},"_links":{"self":[{"href":"https:\/\/tacuarembo.gub.uy\/index.php?rest_route=\/wp\/v2\/posts\/21991","targetHints":{"allow":["GET"]}}],"collection":[{"href":"https:\/\/tacuarembo.gub.uy\/index.php?rest_route=\/wp\/v2\/posts"}],"about":[{"href":"https:\/\/tacuarembo.gub.uy\/index.php?rest_route=\/wp\/v2\/types\/post"}],"author":[{"embeddable":true,"href":"https:\/\/tacuarembo.gub.uy\/index.php?rest_route=\/wp\/v2\/users\/3"}],"replies":[{"embeddable":true,"href":"https:\/\/tacuarembo.gub.uy\/index.php?rest_route=%2Fwp%2Fv2%2Fcomments&post=21991"}],"version-history":[{"count":1,"href":"https:\/\/tacuarembo.gub.uy\/index.php?rest_route=\/wp\/v2\/posts\/21991\/revisions"}],"predecessor-version":[{"id":21992,"href":"https:\/\/tacuarembo.gub.uy\/index.php?rest_route=\/wp\/v2\/posts\/21991\/revisions\/21992"}],"wp:attachment":[{"href":"https:\/\/tacuarembo.gub.uy\/index.php?rest_route=%2Fwp%2Fv2%2Fmedia&parent=21991"}],"wp:term":[{"taxonomy":"category","embeddable":true,"href":"https:\/\/tacuarembo.gub.uy\/index.php?rest_route=%2Fwp%2Fv2%2Fcategories&post=21991"},{"taxonomy":"post_tag","embeddable":true,"href":"https:\/\/tacuarembo.gub.uy\/index.php?rest_route=%2Fwp%2Fv2%2Ftags&post=21991"}],"curies":[{"name":"wp","href":"https:\/\/api.w.org\/{rel}","templated":true}]}}