{"id":21963,"date":"2023-09-15T13:32:01","date_gmt":"2023-09-15T16:32:01","guid":{"rendered":"https:\/\/tacuarembo.gub.uy\/?p=21963"},"modified":"2023-09-15T13:32:01","modified_gmt":"2023-09-15T16:32:01","slug":"diego-bracco-presento-su-libro-charruas-genocidio-o-integracion-en-el-museo-del-indio","status":"publish","type":"post","link":"https:\/\/tacuarembo.gub.uy\/?p=21963","title":{"rendered":"Diego Bracco present\u00f3 su libro Charr\u00faas \u00bfGenocidio o integraci\u00f3n? en el Museo del Indio"},"content":{"rendered":"\n<p>Un gran marco de p\u00fablico acompa\u00f1\u00f3 la actividad donde el docente y escritor, Diego Bracco, abord\u00f3 detalles de su libro Charr\u00faas \u00bfGenocidio o integraci\u00f3n?. La actividad fue organizada por la Direcci\u00f3n General de Cultura de la IDT.<\/p>\n\n\n\n<p>A trav\u00e9s de este material se aporta nueva informaci\u00f3n acerca de los charr\u00faas y la riqueza cultural perdida.<\/p>\n\n\n\n<p>El libro invita a cuestionar lo generalmente aceptado sobre esa naci\u00f3n. Para ello emplea cientos de documentos producidos en distintas \u00e9pocas por individuos que ten\u00edan intereses diversos, y los compara con saberes procedentes de los denominados \u00abmitos identitarios\u00bb.<\/p>\n\n\n\n<p>Los documentos muestran que los charr\u00faas fueron preponderantes entre los r\u00edos Paran\u00e1 y Uruguay hasta que fueron expulsados en el a\u00f1o 1750. Tambi\u00e9n se\u00f1alan los caminos de integraci\u00f3n que transitaron, muchas veces obligados por terrible violencia y, al mismo tiempo, quitan sustento racional a la tesis que afirma la existencia de voluntad de exterminio f\u00edsico o genocidio.<\/p>\n\n\n\n<p>En ese marco, Bracco dijo sentir \u201chonor\u201d al poder presentar su libro y remarc\u00f3 que en \u00e9l b\u00e1sicamente se discuten tres cosas en torno a los charr\u00faas: primero se pregunta si lo que sabemos sobre nuestros ind\u00edgenas depende de lo que dice la documentaci\u00f3n o de lo que dijeron grandes narradores que -de alguna manera- han creado mitos identitarios, por ejemplo, Zorrilla de San Mart\u00edn o Acebedo D\u00edaz. La segunda cuesti\u00f3n es que se planeta \u00bfd\u00f3nde los charr\u00faas fueron preponderantes y en qu\u00e9 per\u00edodo?, y lo tercero que se aborda tiene que ver con una tem\u00e1tica que hasta cierto punto tiene car\u00e1cter pol\u00e9mico que es la pregunta \u00bfIntegraci\u00f3n o genocidio?<\/p>\n\n\n\n\t\t<style type=\"text\/css\">\n\t\t\t#gallery-1 {\n\t\t\t\tmargin: auto;\n\t\t\t}\n\t\t\t#gallery-1 .gallery-item {\n\t\t\t\tfloat: left;\n\t\t\t\tmargin-top: 10px;\n\t\t\t\ttext-align: center;\n\t\t\t\twidth: 33%;\n\t\t\t}\n\t\t\t#gallery-1 img {\n\t\t\t\tborder: 2px solid #cfcfcf;\n\t\t\t}\n\t\t\t#gallery-1 .gallery-caption {\n\t\t\t\tmargin-left: 0;\n\t\t\t}\n\t\t\t\/* see gallery_shortcode() in wp-includes\/media.php *\/\n\t\t<\/style>\n\t\t<div id='gallery-1' class='gallery galleryid-21963 gallery-columns-3 gallery-size-full'><dl class='gallery-item'>\n\t\t\t<dt class='gallery-icon landscape'>\n\t\t\t\t<a href='https:\/\/tacuarembo.gub.uy\/?attachment_id=21964'><img loading=\"lazy\" decoding=\"async\" width=\"2000\" height=\"934\" src=\"https:\/\/tacuarembo.gub.uy\/wp-content\/uploads\/WhatsApp-Image-2023-09-15-at-13.20.35.jpeg\" class=\"attachment-full size-full\" alt=\"\" srcset=\"https:\/\/tacuarembo.gub.uy\/wp-content\/uploads\/WhatsApp-Image-2023-09-15-at-13.20.35.jpeg 2000w, https:\/\/tacuarembo.gub.uy\/wp-content\/uploads\/WhatsApp-Image-2023-09-15-at-13.20.35-768x359.jpeg 768w, https:\/\/tacuarembo.gub.uy\/wp-content\/uploads\/WhatsApp-Image-2023-09-15-at-13.20.35-1536x717.jpeg 1536w\" sizes=\"auto, (max-width: 2000px) 100vw, 2000px\" \/><\/a>\n\t\t\t<\/dt><\/dl><dl class='gallery-item'>\n\t\t\t<dt class='gallery-icon landscape'>\n\t\t\t\t<a href='https:\/\/tacuarembo.gub.uy\/?attachment_id=21965'><img loading=\"lazy\" decoding=\"async\" width=\"2000\" height=\"934\" src=\"https:\/\/tacuarembo.gub.uy\/wp-content\/uploads\/WhatsApp-Image-2023-09-15-at-13.20.341.jpeg\" class=\"attachment-full size-full\" alt=\"\" srcset=\"https:\/\/tacuarembo.gub.uy\/wp-content\/uploads\/WhatsApp-Image-2023-09-15-at-13.20.341.jpeg 2000w, https:\/\/tacuarembo.gub.uy\/wp-content\/uploads\/WhatsApp-Image-2023-09-15-at-13.20.341-768x359.jpeg 768w, https:\/\/tacuarembo.gub.uy\/wp-content\/uploads\/WhatsApp-Image-2023-09-15-at-13.20.341-1536x717.jpeg 1536w\" sizes=\"auto, (max-width: 2000px) 100vw, 2000px\" \/><\/a>\n\t\t\t<\/dt><\/dl><dl class='gallery-item'>\n\t\t\t<dt class='gallery-icon landscape'>\n\t\t\t\t<a href='https:\/\/tacuarembo.gub.uy\/?attachment_id=21966'><img loading=\"lazy\" decoding=\"async\" width=\"2000\" height=\"934\" src=\"https:\/\/tacuarembo.gub.uy\/wp-content\/uploads\/WhatsApp-Image-2023-09-15-at-13.20.34.jpeg\" class=\"attachment-full size-full\" alt=\"\" srcset=\"https:\/\/tacuarembo.gub.uy\/wp-content\/uploads\/WhatsApp-Image-2023-09-15-at-13.20.34.jpeg 2000w, https:\/\/tacuarembo.gub.uy\/wp-content\/uploads\/WhatsApp-Image-2023-09-15-at-13.20.34-768x359.jpeg 768w, https:\/\/tacuarembo.gub.uy\/wp-content\/uploads\/WhatsApp-Image-2023-09-15-at-13.20.34-1536x717.jpeg 1536w\" sizes=\"auto, (max-width: 2000px) 100vw, 2000px\" \/><\/a>\n\t\t\t<\/dt><\/dl><br style=\"clear: both\" \/><dl class='gallery-item'>\n\t\t\t<dt class='gallery-icon landscape'>\n\t\t\t\t<a href='https:\/\/tacuarembo.gub.uy\/?attachment_id=21967'><img loading=\"lazy\" decoding=\"async\" width=\"2000\" height=\"934\" src=\"https:\/\/tacuarembo.gub.uy\/wp-content\/uploads\/WhatsApp-Image-2023-09-15-at-13.20.331.jpeg\" class=\"attachment-full size-full\" alt=\"\" srcset=\"https:\/\/tacuarembo.gub.uy\/wp-content\/uploads\/WhatsApp-Image-2023-09-15-at-13.20.331.jpeg 2000w, https:\/\/tacuarembo.gub.uy\/wp-content\/uploads\/WhatsApp-Image-2023-09-15-at-13.20.331-768x359.jpeg 768w, https:\/\/tacuarembo.gub.uy\/wp-content\/uploads\/WhatsApp-Image-2023-09-15-at-13.20.331-1536x717.jpeg 1536w\" sizes=\"auto, (max-width: 2000px) 100vw, 2000px\" \/><\/a>\n\t\t\t<\/dt><\/dl><dl class='gallery-item'>\n\t\t\t<dt class='gallery-icon landscape'>\n\t\t\t\t<a href='https:\/\/tacuarembo.gub.uy\/?attachment_id=21968'><img loading=\"lazy\" decoding=\"async\" width=\"2000\" height=\"934\" src=\"https:\/\/tacuarembo.gub.uy\/wp-content\/uploads\/WhatsApp-Image-2023-09-15-at-13.20.33.jpeg\" class=\"attachment-full size-full\" alt=\"\" srcset=\"https:\/\/tacuarembo.gub.uy\/wp-content\/uploads\/WhatsApp-Image-2023-09-15-at-13.20.33.jpeg 2000w, https:\/\/tacuarembo.gub.uy\/wp-content\/uploads\/WhatsApp-Image-2023-09-15-at-13.20.33-768x359.jpeg 768w, https:\/\/tacuarembo.gub.uy\/wp-content\/uploads\/WhatsApp-Image-2023-09-15-at-13.20.33-1536x717.jpeg 1536w\" sizes=\"auto, (max-width: 2000px) 100vw, 2000px\" \/><\/a>\n\t\t\t<\/dt><\/dl><dl class='gallery-item'>\n\t\t\t<dt class='gallery-icon landscape'>\n\t\t\t\t<a href='https:\/\/tacuarembo.gub.uy\/?attachment_id=21969'><img loading=\"lazy\" decoding=\"async\" width=\"1600\" height=\"747\" src=\"https:\/\/tacuarembo.gub.uy\/wp-content\/uploads\/WhatsApp-Image-2023-09-15-at-13.20.321.jpeg\" class=\"attachment-full size-full\" alt=\"\" srcset=\"https:\/\/tacuarembo.gub.uy\/wp-content\/uploads\/WhatsApp-Image-2023-09-15-at-13.20.321.jpeg 1600w, https:\/\/tacuarembo.gub.uy\/wp-content\/uploads\/WhatsApp-Image-2023-09-15-at-13.20.321-768x359.jpeg 768w, https:\/\/tacuarembo.gub.uy\/wp-content\/uploads\/WhatsApp-Image-2023-09-15-at-13.20.321-1536x717.jpeg 1536w\" sizes=\"auto, (max-width: 1600px) 100vw, 1600px\" \/><\/a>\n\t\t\t<\/dt><\/dl><br style=\"clear: both\" \/><dl class='gallery-item'>\n\t\t\t<dt class='gallery-icon landscape'>\n\t\t\t\t<a href='https:\/\/tacuarembo.gub.uy\/?attachment_id=21970'><img loading=\"lazy\" decoding=\"async\" width=\"2000\" height=\"934\" src=\"https:\/\/tacuarembo.gub.uy\/wp-content\/uploads\/WhatsApp-Image-2023-09-15-at-13.20.32.jpeg\" class=\"attachment-full size-full\" alt=\"\" srcset=\"https:\/\/tacuarembo.gub.uy\/wp-content\/uploads\/WhatsApp-Image-2023-09-15-at-13.20.32.jpeg 2000w, https:\/\/tacuarembo.gub.uy\/wp-content\/uploads\/WhatsApp-Image-2023-09-15-at-13.20.32-768x359.jpeg 768w, https:\/\/tacuarembo.gub.uy\/wp-content\/uploads\/WhatsApp-Image-2023-09-15-at-13.20.32-1536x717.jpeg 1536w\" sizes=\"auto, (max-width: 2000px) 100vw, 2000px\" \/><\/a>\n\t\t\t<\/dt><\/dl>\n\t\t\t<br style='clear: both' \/>\n\t\t<\/div>\n","protected":false},"excerpt":{"rendered":"<p>Un gran marco de p\u00fablico acompa\u00f1\u00f3 la actividad donde el docente y escritor, Diego Bracco, abord\u00f3 detalles de su libro Charr\u00faas \u00bfGenocidio o integraci\u00f3n?. La actividad fue organizada por la Direcci\u00f3n General de Cultura de la IDT<\/p>\n","protected":false},"author":3,"featured_media":21968,"comment_status":"open","ping_status":"open","sticky":false,"template":"","format":"standard","meta":{"_eb_attr":"","footnotes":""},"categories":[18,16],"tags":[],"class_list":{"0":"post-21963","1":"post","2":"type-post","3":"status-publish","4":"format-standard","5":"has-post-thumbnail","7":"category-cultura","8":"category-noticias"},"_links":{"self":[{"href":"https:\/\/tacuarembo.gub.uy\/index.php?rest_route=\/wp\/v2\/posts\/21963","targetHints":{"allow":["GET"]}}],"collection":[{"href":"https:\/\/tacuarembo.gub.uy\/index.php?rest_route=\/wp\/v2\/posts"}],"about":[{"href":"https:\/\/tacuarembo.gub.uy\/index.php?rest_route=\/wp\/v2\/types\/post"}],"author":[{"embeddable":true,"href":"https:\/\/tacuarembo.gub.uy\/index.php?rest_route=\/wp\/v2\/users\/3"}],"replies":[{"embeddable":true,"href":"https:\/\/tacuarembo.gub.uy\/index.php?rest_route=%2Fwp%2Fv2%2Fcomments&post=21963"}],"version-history":[{"count":1,"href":"https:\/\/tacuarembo.gub.uy\/index.php?rest_route=\/wp\/v2\/posts\/21963\/revisions"}],"predecessor-version":[{"id":21971,"href":"https:\/\/tacuarembo.gub.uy\/index.php?rest_route=\/wp\/v2\/posts\/21963\/revisions\/21971"}],"wp:featuredmedia":[{"embeddable":true,"href":"https:\/\/tacuarembo.gub.uy\/index.php?rest_route=\/wp\/v2\/media\/21968"}],"wp:attachment":[{"href":"https:\/\/tacuarembo.gub.uy\/index.php?rest_route=%2Fwp%2Fv2%2Fmedia&parent=21963"}],"wp:term":[{"taxonomy":"category","embeddable":true,"href":"https:\/\/tacuarembo.gub.uy\/index.php?rest_route=%2Fwp%2Fv2%2Fcategories&post=21963"},{"taxonomy":"post_tag","embeddable":true,"href":"https:\/\/tacuarembo.gub.uy\/index.php?rest_route=%2Fwp%2Fv2%2Ftags&post=21963"}],"curies":[{"name":"wp","href":"https:\/\/api.w.org\/{rel}","templated":true}]}}