{"id":21779,"date":"2023-08-31T19:42:43","date_gmt":"2023-08-31T22:42:43","guid":{"rendered":"https:\/\/tacuarembo.gub.uy\/?p=21779"},"modified":"2023-08-31T22:40:48","modified_gmt":"2023-09-01T01:40:48","slug":"direccion-de-juventud-de-la-idt-inscribe-para-talleres-de-marketing-digital","status":"publish","type":"post","link":"https:\/\/tacuarembo.gub.uy\/?p=21779","title":{"rendered":"Se agotaron los cupos para los talleres de Marketing Digital"},"content":{"rendered":"\n<p>La propuesta se realizar\u00e1 los d\u00edas 4, 11 y 18 de setiembre y est\u00e1 dirigida a j\u00f3venes de 14 a 29 a\u00f1os. Contaba con 30 cupos disponibles que se agotaron r\u00e1pidamente, indic\u00f3 el director de Juventud de la IDT, Camilo Guti\u00e9rrez.<\/p>\n\n\n\n<p>Explic\u00f3 que ser\u00e1n tres talleres gratuitos de Marketing Digital, los cuales \u201cest\u00e1n enfocados a j\u00f3venes emprendedores para orientarlos en c\u00f3mo vender a trav\u00e9s de las diferentes plataformas, c\u00f3mo utilizar de mejor manera el Facebook y el Instagram, as\u00ed como tambi\u00e9n la aplicaci\u00f3n WhatsApp Business\u201d. En ese sentido, \u201cqueremos que aprendan a manejarlas para que se vea reflejado en las ventas que en definitiva es lo que quiere&nbsp;todo emprendedor, m\u00e1s all\u00e1 de la publicaci\u00f3n\u201d.<\/p>\n\n\n<p><img loading=\"lazy\" decoding=\"async\" width=\"940\" height=\"788\" class=\"alignnone size-full wp-image-21780\" src=\"https:\/\/tacuarembo.gub.uy\/wp-content\/uploads\/IMG-20230831-WA0028.jpg\" alt=\"\" srcset=\"https:\/\/tacuarembo.gub.uy\/wp-content\/uploads\/IMG-20230831-WA0028.jpg 940w, https:\/\/tacuarembo.gub.uy\/wp-content\/uploads\/IMG-20230831-WA0028-768x644.jpg 768w\" sizes=\"auto, (max-width: 940px) 100vw, 940px\" \/><\/p>\n\n\n<p>Tambi\u00e9n se abordar\u00e1 la ciberseguridad mediante las herramientas que aportar\u00e1 el analista en Marketing Sebasti\u00e1n Sena para poder trabajar en nuestra seguridad cibern\u00e9tica y cuidarnos de posibles ataques o saqueos\u201d.<\/p>\n\n\n\n<p>Los talleres se impartir\u00e1n en el tercer piso de la Casa Diocesana (anexo de la Intendencia), de 19 a 21 horas, los d\u00edas 4, 11 y 18 de de setiembre.<\/p>\n\n\n\n<p>Por consultas, comunicarse al WhatsApp 098 608 508.<\/p>\n\n\n\n<p><\/p>\n","protected":false},"excerpt":{"rendered":"<p>La propuesta se realizar\u00e1 los d\u00edas 4, 11 y 18 de setiembre y est\u00e1 dirigida a j\u00f3venes de 14 a 29 a\u00f1os. Se cuenta con 30 cupos disponibles y para participar es necesario inscribirse previamente al WhatsApp 098 608 508 o mediante las redes sociales de la Direcci\u00f3n de Juventud de la IDT, indic\u00f3 el referente del \u00e1rea Camilo Guti\u00e9rrez<\/p>\n","protected":false},"author":3,"featured_media":21780,"comment_status":"open","ping_status":"open","sticky":false,"template":"","format":"standard","meta":{"_eb_attr":"","footnotes":""},"categories":[32,16],"tags":[],"class_list":{"0":"post-21779","1":"post","2":"type-post","3":"status-publish","4":"format-standard","5":"has-post-thumbnail","7":"category-juventud","8":"category-noticias"},"_links":{"self":[{"href":"https:\/\/tacuarembo.gub.uy\/index.php?rest_route=\/wp\/v2\/posts\/21779","targetHints":{"allow":["GET"]}}],"collection":[{"href":"https:\/\/tacuarembo.gub.uy\/index.php?rest_route=\/wp\/v2\/posts"}],"about":[{"href":"https:\/\/tacuarembo.gub.uy\/index.php?rest_route=\/wp\/v2\/types\/post"}],"author":[{"embeddable":true,"href":"https:\/\/tacuarembo.gub.uy\/index.php?rest_route=\/wp\/v2\/users\/3"}],"replies":[{"embeddable":true,"href":"https:\/\/tacuarembo.gub.uy\/index.php?rest_route=%2Fwp%2Fv2%2Fcomments&post=21779"}],"version-history":[{"count":2,"href":"https:\/\/tacuarembo.gub.uy\/index.php?rest_route=\/wp\/v2\/posts\/21779\/revisions"}],"predecessor-version":[{"id":21783,"href":"https:\/\/tacuarembo.gub.uy\/index.php?rest_route=\/wp\/v2\/posts\/21779\/revisions\/21783"}],"wp:featuredmedia":[{"embeddable":true,"href":"https:\/\/tacuarembo.gub.uy\/index.php?rest_route=\/wp\/v2\/media\/21780"}],"wp:attachment":[{"href":"https:\/\/tacuarembo.gub.uy\/index.php?rest_route=%2Fwp%2Fv2%2Fmedia&parent=21779"}],"wp:term":[{"taxonomy":"category","embeddable":true,"href":"https:\/\/tacuarembo.gub.uy\/index.php?rest_route=%2Fwp%2Fv2%2Fcategories&post=21779"},{"taxonomy":"post_tag","embeddable":true,"href":"https:\/\/tacuarembo.gub.uy\/index.php?rest_route=%2Fwp%2Fv2%2Ftags&post=21779"}],"curies":[{"name":"wp","href":"https:\/\/api.w.org\/{rel}","templated":true}]}}