{"id":21776,"date":"2023-08-31T18:17:02","date_gmt":"2023-08-31T21:17:02","guid":{"rendered":"https:\/\/tacuarembo.gub.uy\/?p=21776"},"modified":"2023-08-31T18:17:02","modified_gmt":"2023-08-31T21:17:02","slug":"intendencia-habilito-un-equipo-informatico-en-la-biblioteca-julio-oliver-del-centro-de-barrio-n-3","status":"publish","type":"post","link":"https:\/\/tacuarembo.gub.uy\/?p=21776","title":{"rendered":"Intendencia habilit\u00f3 un equipo inform\u00e1tico en la Biblioteca Julio Oliver del Centro de Barrio N\u00b0 3"},"content":{"rendered":"\n<p>El equipo est\u00e1 destinado a brindar servicios a quienes buscan informaci\u00f3n, sobre todo a estudiantes de la zona, dijo el director de Cultura de la Intendencia de Tacuaremb\u00f3, Carlos Arezo.<\/p>\n\n\n\n<p>La acci\u00f3n forma parte de la colaboraci\u00f3n de equipos inform\u00e1ticos que \u201cnos han estado llegando y hemos instrumentando su instalaci\u00f3n en la Biblioteca Sara de Ib\u00e1\u00f1ez en la Casa de la Cultura, Caraguat\u00e1, San Gregorio de Polanco, Villa Ansina y ahora se est\u00e1 haciendo realidad la descentralizaci\u00f3n aqu\u00ed en la propia ciudad de Tacuaremb\u00f3\u201d.<\/p>\n\n\n\n<figure class=\"wp-block-image size-full\"><img loading=\"lazy\" decoding=\"async\" width=\"1080\" height=\"777\" src=\"https:\/\/tacuarembo.gub.uy\/wp-content\/uploads\/IMG-20230831-WA0027.jpg\" alt=\"\" class=\"wp-image-21777\" srcset=\"https:\/\/tacuarembo.gub.uy\/wp-content\/uploads\/IMG-20230831-WA0027.jpg 1080w, https:\/\/tacuarembo.gub.uy\/wp-content\/uploads\/IMG-20230831-WA0027-768x553.jpg 768w\" sizes=\"auto, (max-width: 1080px) 100vw, 1080px\" \/><\/figure>\n\n\n\n<p>El encargado de las bibliotecas de la IDT, Karin Di Castro, indic\u00f3 que \u201cesta propuesta se est\u00e1 instalando en distintos Centros de Barrio, sobre todo en las bibliotecas que tienen en su \u00e1rea de influencia a centros de ense\u00f1anza\u201d.<\/p>\n\n\n\n<p>Adem\u00e1s, invit\u00f3 a toda la poblaci\u00f3n a que se presente en la biblioteca \u00abpara compartir un buen momento de lectura, que puedan trabajar y saber que tienen este servicio que los va a ayudar a sus tareas\u201d.<\/p>\n\n\n\n<p>En otro orden, la Direcci\u00f3n General de Educaci\u00f3n y Cultura de la Intendencia de Tacuaremb\u00f3 comunica que el taller de Tango Danza, con los profesores Virginia Piria y Jos\u00e9 Luis Pereira procedentes de Montevideo, se reiniciar\u00e1 el s\u00e1bado 16 de setiembre, a las 14.30 horas, en Casa de la Cultura. Tendr\u00e1 dos clases mensuales hasta fin de a\u00f1o y las inscripciones se encuentran abiertas en la Secretar\u00eda de Cultura.<\/p>\n\n\n\n<p>Por otra parte, tambi\u00e9n comenzar\u00e1 a dictarse el taller de acorde\u00f3n de dos hilera, en la Casa de la Cultura, a cargo de Walter Rold\u00e1n de reconocida trayectoria internacional.<\/p>\n","protected":false},"excerpt":{"rendered":"<p>El equipo est\u00e1 destinado a brindar servicios a quienes buscan informaci\u00f3n, sobre todo a estudiantes de la zona, dijo el director de Cultura de la Intendencia de Tacuaremb\u00f3, Carlos Arezo<\/p>\n","protected":false},"author":3,"featured_media":21777,"comment_status":"open","ping_status":"open","sticky":false,"template":"","format":"standard","meta":{"_eb_attr":"","footnotes":""},"categories":[18,16],"tags":[],"class_list":{"0":"post-21776","1":"post","2":"type-post","3":"status-publish","4":"format-standard","5":"has-post-thumbnail","7":"category-cultura","8":"category-noticias"},"_links":{"self":[{"href":"https:\/\/tacuarembo.gub.uy\/index.php?rest_route=\/wp\/v2\/posts\/21776","targetHints":{"allow":["GET"]}}],"collection":[{"href":"https:\/\/tacuarembo.gub.uy\/index.php?rest_route=\/wp\/v2\/posts"}],"about":[{"href":"https:\/\/tacuarembo.gub.uy\/index.php?rest_route=\/wp\/v2\/types\/post"}],"author":[{"embeddable":true,"href":"https:\/\/tacuarembo.gub.uy\/index.php?rest_route=\/wp\/v2\/users\/3"}],"replies":[{"embeddable":true,"href":"https:\/\/tacuarembo.gub.uy\/index.php?rest_route=%2Fwp%2Fv2%2Fcomments&post=21776"}],"version-history":[{"count":1,"href":"https:\/\/tacuarembo.gub.uy\/index.php?rest_route=\/wp\/v2\/posts\/21776\/revisions"}],"predecessor-version":[{"id":21778,"href":"https:\/\/tacuarembo.gub.uy\/index.php?rest_route=\/wp\/v2\/posts\/21776\/revisions\/21778"}],"wp:featuredmedia":[{"embeddable":true,"href":"https:\/\/tacuarembo.gub.uy\/index.php?rest_route=\/wp\/v2\/media\/21777"}],"wp:attachment":[{"href":"https:\/\/tacuarembo.gub.uy\/index.php?rest_route=%2Fwp%2Fv2%2Fmedia&parent=21776"}],"wp:term":[{"taxonomy":"category","embeddable":true,"href":"https:\/\/tacuarembo.gub.uy\/index.php?rest_route=%2Fwp%2Fv2%2Fcategories&post=21776"},{"taxonomy":"post_tag","embeddable":true,"href":"https:\/\/tacuarembo.gub.uy\/index.php?rest_route=%2Fwp%2Fv2%2Ftags&post=21776"}],"curies":[{"name":"wp","href":"https:\/\/api.w.org\/{rel}","templated":true}]}}