{"id":21515,"date":"2023-08-11T17:11:09","date_gmt":"2023-08-11T20:11:09","guid":{"rendered":"https:\/\/tacuarembo.gub.uy\/?p=21515"},"modified":"2023-08-21T20:36:36","modified_gmt":"2023-08-21T23:36:36","slug":"ezquerra-resalto-el-empeno-dedicacion-y-esfuerzo-de-nuestro-jovenes-al-participar-del-reconocimiento-al-joven-tacuaremboense-destacado","status":"publish","type":"post","link":"https:\/\/tacuarembo.gub.uy\/?p=21515","title":{"rendered":"Ezquerra resalt\u00f3 el empe\u00f1o, dedicaci\u00f3n y esfuerzo de nuestros j\u00f3venes al participar del \u201cReconocimiento al Joven Tacuaremboense Destacado\u201d"},"content":{"rendered":"\n<p>La IDT realiz\u00f3 la entrega de placas de reconocimiento al futbolista Campe\u00f3n Mundial con la Selecci\u00f3n Uruguaya Sub 20, Anderson Duarte Da Silva; el cantante revelaci\u00f3n de la movida tropical, Darwin Pi\u00f1eiro Rivero; el Campe\u00f3n Mundial Amateur de Muay Thai, Juan Gabriel Guti\u00e9rrez; as\u00ed como a Agustina de Freitas Vidal, quien obtuvo el t\u00edtulo mundial en la FIRA RoboWorld Cup and Summit 2023 de Alemania.<\/p>\n\n\n\n<p>La iniciativa se desarrolla desde el a\u00f1o 2015 y aspira a destacar el desempe\u00f1o de los j\u00f3venes en diferentes \u00e1mbitos y disciplinas. El reconocimiento tuvo lugar este viernes 11 de agosto, con la participaci\u00f3n de autoridades, familiares y amigos.<\/p>\n\n\n\n<p>En un di\u00e1logo dirigido a los presentes, el intendente Wilson Ezquerra sostuvo que \u201ces un d\u00eda singular en lo que hace a reconocimientos a la juventud y es bueno cuando los j\u00f3venes vuelcan ese protagonismo a las actividades deportivas, al arte o la cultura que en definitiva hacen al crecimiento individual y colectivo del ser humano\u201d.<\/p>\n\n\n\n<p>Manifest\u00f3 que \u201cen los tiempos en que vivimos y con tantos flagelos en la sociedad, es bueno que los adultos reconozcamos a esos gurises que ponen empe\u00f1o, dedicaci\u00f3n y esfuerzo, y en ellos tambi\u00e9n a quienes los rodean\u201d. Ezquerra puso \u00e9nfasis en que \u201ccon perseverancia en la vida se puede llegar a cumplir los objetivos, sobre todo cuando uno se traza metas\u201d.<\/p>\n\n\n\n<p>El director de Juventud, Camilo Guti\u00e9rrez, expres\u00f3 que este reconocimiento surge con el motivo de reconocer y destacar a los j\u00f3venes de nuestra comunidad que hacen bien las cosas y son referentes ante sus partes. A\u00f1adi\u00f3 que \u201ces un humilde homenaje donde trabajamos en cuatro ejes: deporte, cultura, educaci\u00f3n y salud\u201d.<\/p>\n\n\n\n<p>En coincidencia con las palabras de Ezquerra, destac\u00f3 a las familias que est\u00e1n detr\u00e1s de cada uno de ellos y resalt\u00f3 que \u201clas instituciones debemos darles las herramientas para que sigan construyendo sue\u00f1os\u201d.<\/p>\n\n\n\n<p>Durante la instancia, la IDT comparti\u00f3 una proyecci\u00f3n de cada uno de los j\u00f3venes distinguidos y luego se procedi\u00f3 a la entrega de placas correspondientes.<\/p>\n\n\n\n\t\t<style type=\"text\/css\">\n\t\t\t#gallery-1 {\n\t\t\t\tmargin: auto;\n\t\t\t}\n\t\t\t#gallery-1 .gallery-item {\n\t\t\t\tfloat: left;\n\t\t\t\tmargin-top: 10px;\n\t\t\t\ttext-align: center;\n\t\t\t\twidth: 33%;\n\t\t\t}\n\t\t\t#gallery-1 img {\n\t\t\t\tborder: 2px solid #cfcfcf;\n\t\t\t}\n\t\t\t#gallery-1 .gallery-caption {\n\t\t\t\tmargin-left: 0;\n\t\t\t}\n\t\t\t\/* see gallery_shortcode() in wp-includes\/media.php *\/\n\t\t<\/style>\n\t\t<div id='gallery-1' class='gallery galleryid-21515 gallery-columns-3 gallery-size-full'><dl class='gallery-item'>\n\t\t\t<dt class='gallery-icon landscape'>\n\t\t\t\t<a href='https:\/\/tacuarembo.gub.uy\/?attachment_id=21518'><img loading=\"lazy\" decoding=\"async\" width=\"1600\" height=\"1369\" src=\"https:\/\/tacuarembo.gub.uy\/wp-content\/uploads\/IMG-20230811-WA0030.jpg\" class=\"attachment-full size-full\" alt=\"\" srcset=\"https:\/\/tacuarembo.gub.uy\/wp-content\/uploads\/IMG-20230811-WA0030.jpg 1600w, https:\/\/tacuarembo.gub.uy\/wp-content\/uploads\/IMG-20230811-WA0030-768x657.jpg 768w, https:\/\/tacuarembo.gub.uy\/wp-content\/uploads\/IMG-20230811-WA0030-1536x1314.jpg 1536w\" sizes=\"auto, (max-width: 1600px) 100vw, 1600px\" \/><\/a>\n\t\t\t<\/dt><\/dl><dl class='gallery-item'>\n\t\t\t<dt class='gallery-icon landscape'>\n\t\t\t\t<a href='https:\/\/tacuarembo.gub.uy\/?attachment_id=21519'><img loading=\"lazy\" decoding=\"async\" width=\"1600\" height=\"1042\" src=\"https:\/\/tacuarembo.gub.uy\/wp-content\/uploads\/IMG-20230811-WA0029.jpg\" class=\"attachment-full size-full\" alt=\"\" srcset=\"https:\/\/tacuarembo.gub.uy\/wp-content\/uploads\/IMG-20230811-WA0029.jpg 1600w, https:\/\/tacuarembo.gub.uy\/wp-content\/uploads\/IMG-20230811-WA0029-768x500.jpg 768w, https:\/\/tacuarembo.gub.uy\/wp-content\/uploads\/IMG-20230811-WA0029-1536x1000.jpg 1536w\" sizes=\"auto, (max-width: 1600px) 100vw, 1600px\" \/><\/a>\n\t\t\t<\/dt><\/dl><dl class='gallery-item'>\n\t\t\t<dt class='gallery-icon landscape'>\n\t\t\t\t<a href='https:\/\/tacuarembo.gub.uy\/?attachment_id=21520'><img loading=\"lazy\" decoding=\"async\" width=\"1600\" height=\"1068\" src=\"https:\/\/tacuarembo.gub.uy\/wp-content\/uploads\/IMG-20230811-WA0028.jpg\" class=\"attachment-full size-full\" alt=\"\" srcset=\"https:\/\/tacuarembo.gub.uy\/wp-content\/uploads\/IMG-20230811-WA0028.jpg 1600w, https:\/\/tacuarembo.gub.uy\/wp-content\/uploads\/IMG-20230811-WA0028-768x513.jpg 768w, https:\/\/tacuarembo.gub.uy\/wp-content\/uploads\/IMG-20230811-WA0028-1536x1025.jpg 1536w\" sizes=\"auto, (max-width: 1600px) 100vw, 1600px\" \/><\/a>\n\t\t\t<\/dt><\/dl><br style=\"clear: both\" \/><dl class='gallery-item'>\n\t\t\t<dt class='gallery-icon landscape'>\n\t\t\t\t<a href='https:\/\/tacuarembo.gub.uy\/?attachment_id=21521'><img loading=\"lazy\" decoding=\"async\" width=\"1600\" height=\"1068\" src=\"https:\/\/tacuarembo.gub.uy\/wp-content\/uploads\/IMG-20230811-WA0027.jpg\" class=\"attachment-full size-full\" alt=\"\" srcset=\"https:\/\/tacuarembo.gub.uy\/wp-content\/uploads\/IMG-20230811-WA0027.jpg 1600w, https:\/\/tacuarembo.gub.uy\/wp-content\/uploads\/IMG-20230811-WA0027-768x513.jpg 768w, https:\/\/tacuarembo.gub.uy\/wp-content\/uploads\/IMG-20230811-WA0027-1536x1025.jpg 1536w\" sizes=\"auto, (max-width: 1600px) 100vw, 1600px\" \/><\/a>\n\t\t\t<\/dt><\/dl><dl class='gallery-item'>\n\t\t\t<dt class='gallery-icon landscape'>\n\t\t\t\t<a href='https:\/\/tacuarembo.gub.uy\/?attachment_id=21522'><img loading=\"lazy\" decoding=\"async\" width=\"1600\" height=\"1063\" src=\"https:\/\/tacuarembo.gub.uy\/wp-content\/uploads\/IMG-20230811-WA0024-1.jpg\" class=\"attachment-full size-full\" alt=\"\" srcset=\"https:\/\/tacuarembo.gub.uy\/wp-content\/uploads\/IMG-20230811-WA0024-1.jpg 1600w, https:\/\/tacuarembo.gub.uy\/wp-content\/uploads\/IMG-20230811-WA0024-1-768x510.jpg 768w, https:\/\/tacuarembo.gub.uy\/wp-content\/uploads\/IMG-20230811-WA0024-1-1536x1020.jpg 1536w\" sizes=\"auto, (max-width: 1600px) 100vw, 1600px\" \/><\/a>\n\t\t\t<\/dt><\/dl><dl class='gallery-item'>\n\t\t\t<dt class='gallery-icon landscape'>\n\t\t\t\t<a href='https:\/\/tacuarembo.gub.uy\/?attachment_id=21523'><img loading=\"lazy\" decoding=\"async\" width=\"1600\" height=\"1075\" src=\"https:\/\/tacuarembo.gub.uy\/wp-content\/uploads\/IMG-20230811-WA0026.jpg\" class=\"attachment-full size-full\" alt=\"\" srcset=\"https:\/\/tacuarembo.gub.uy\/wp-content\/uploads\/IMG-20230811-WA0026.jpg 1600w, https:\/\/tacuarembo.gub.uy\/wp-content\/uploads\/IMG-20230811-WA0026-768x516.jpg 768w, https:\/\/tacuarembo.gub.uy\/wp-content\/uploads\/IMG-20230811-WA0026-1536x1032.jpg 1536w\" sizes=\"auto, (max-width: 1600px) 100vw, 1600px\" \/><\/a>\n\t\t\t<\/dt><\/dl><br style=\"clear: both\" \/><dl class='gallery-item'>\n\t\t\t<dt class='gallery-icon landscape'>\n\t\t\t\t<a href='https:\/\/tacuarembo.gub.uy\/?attachment_id=21524'><img loading=\"lazy\" decoding=\"async\" width=\"1600\" height=\"1084\" src=\"https:\/\/tacuarembo.gub.uy\/wp-content\/uploads\/IMG-20230811-WA0025.jpg\" class=\"attachment-full size-full\" alt=\"\" srcset=\"https:\/\/tacuarembo.gub.uy\/wp-content\/uploads\/IMG-20230811-WA0025.jpg 1600w, https:\/\/tacuarembo.gub.uy\/wp-content\/uploads\/IMG-20230811-WA0025-768x520.jpg 768w, https:\/\/tacuarembo.gub.uy\/wp-content\/uploads\/IMG-20230811-WA0025-1536x1041.jpg 1536w\" sizes=\"auto, (max-width: 1600px) 100vw, 1600px\" \/><\/a>\n\t\t\t<\/dt><\/dl><dl class='gallery-item'>\n\t\t\t<dt class='gallery-icon landscape'>\n\t\t\t\t<a href='https:\/\/tacuarembo.gub.uy\/?attachment_id=21527'><img loading=\"lazy\" decoding=\"async\" width=\"1541\" height=\"1041\" src=\"https:\/\/tacuarembo.gub.uy\/wp-content\/uploads\/IMG-20230811-WA0035.jpg\" class=\"attachment-full size-full\" alt=\"\" srcset=\"https:\/\/tacuarembo.gub.uy\/wp-content\/uploads\/IMG-20230811-WA0035.jpg 1541w, https:\/\/tacuarembo.gub.uy\/wp-content\/uploads\/IMG-20230811-WA0035-768x519.jpg 768w, https:\/\/tacuarembo.gub.uy\/wp-content\/uploads\/IMG-20230811-WA0035-1536x1038.jpg 1536w\" sizes=\"auto, (max-width: 1541px) 100vw, 1541px\" \/><\/a>\n\t\t\t<\/dt><\/dl>\n\t\t\t<br style='clear: both' \/>\n\t\t<\/div>\n","protected":false},"excerpt":{"rendered":"<p>La IDT realiz\u00f3 la entrega de placas de reconocimiento al futbolista Campe\u00f3n Mundial con la Selecci\u00f3n Uruguaya Sub 20, Anderson Duarte Da Silva; el cantante revelaci\u00f3n de la movida tropical, Darwin Pi\u00f1eiro Rivero; el Campe\u00f3n Mundial Amateur de Muay Thai, Juan Gabriel Guti\u00e9rrez; as\u00ed como a Agustina de Freitas Vidal, quien obtuvo el t\u00edtulo mundial en la FIRA RoboWorld Cup and Summit 2023 de Alemania<\/p>\n","protected":false},"author":3,"featured_media":21516,"comment_status":"open","ping_status":"open","sticky":false,"template":"","format":"standard","meta":{"_eb_attr":"","footnotes":""},"categories":[32,16],"tags":[],"class_list":{"0":"post-21515","1":"post","2":"type-post","3":"status-publish","4":"format-standard","5":"has-post-thumbnail","7":"category-juventud","8":"category-noticias"},"_links":{"self":[{"href":"https:\/\/tacuarembo.gub.uy\/index.php?rest_route=\/wp\/v2\/posts\/21515","targetHints":{"allow":["GET"]}}],"collection":[{"href":"https:\/\/tacuarembo.gub.uy\/index.php?rest_route=\/wp\/v2\/posts"}],"about":[{"href":"https:\/\/tacuarembo.gub.uy\/index.php?rest_route=\/wp\/v2\/types\/post"}],"author":[{"embeddable":true,"href":"https:\/\/tacuarembo.gub.uy\/index.php?rest_route=\/wp\/v2\/users\/3"}],"replies":[{"embeddable":true,"href":"https:\/\/tacuarembo.gub.uy\/index.php?rest_route=%2Fwp%2Fv2%2Fcomments&post=21515"}],"version-history":[{"count":4,"href":"https:\/\/tacuarembo.gub.uy\/index.php?rest_route=\/wp\/v2\/posts\/21515\/revisions"}],"predecessor-version":[{"id":21550,"href":"https:\/\/tacuarembo.gub.uy\/index.php?rest_route=\/wp\/v2\/posts\/21515\/revisions\/21550"}],"wp:featuredmedia":[{"embeddable":true,"href":"https:\/\/tacuarembo.gub.uy\/index.php?rest_route=\/wp\/v2\/media\/21516"}],"wp:attachment":[{"href":"https:\/\/tacuarembo.gub.uy\/index.php?rest_route=%2Fwp%2Fv2%2Fmedia&parent=21515"}],"wp:term":[{"taxonomy":"category","embeddable":true,"href":"https:\/\/tacuarembo.gub.uy\/index.php?rest_route=%2Fwp%2Fv2%2Fcategories&post=21515"},{"taxonomy":"post_tag","embeddable":true,"href":"https:\/\/tacuarembo.gub.uy\/index.php?rest_route=%2Fwp%2Fv2%2Ftags&post=21515"}],"curies":[{"name":"wp","href":"https:\/\/api.w.org\/{rel}","templated":true}]}}