{"id":21508,"date":"2023-08-10T19:40:01","date_gmt":"2023-08-10T22:40:01","guid":{"rendered":"https:\/\/tacuarembo.gub.uy\/?p=21508"},"modified":"2023-08-21T20:36:51","modified_gmt":"2023-08-21T23:36:51","slug":"tacuarembo-a-la-vanguardia-antel-habilito-la-tecnologia-5g","status":"publish","type":"post","link":"https:\/\/tacuarembo.gub.uy\/?p=21508","title":{"rendered":"Tacuaremb\u00f3 a la vanguardia: Antel habilit\u00f3 la tecnolog\u00eda 5G"},"content":{"rendered":"\n<p>El intendente de Tacuaremb\u00f3, Wilson Ezquerra, asegur\u00f3 que es un adelanto \u201csumamente importante en el mundo en que vivimos\u201d. Sostuvo que la posibilidad de contar con tecnolog\u00eda 5G \u201ces un gran progreso en materia de telecomunicaciones y los avances tecnol\u00f3gicos que ha tenido Antel, con la cantidad de antenas y radiobases colocadas en el departamento, van en funci\u00f3n del requerimiento de los vecinos\u201d.<\/p>\n\n\n\n<p>La actividad se desarroll\u00f3 este jueves 10 de agosto en la sede de la Intendencia de Tacuaremb\u00f3 con la presidencia del presidente y el vicepresidente de Antel, Gabriel Gurm\u00e9ndez y Pablo Lanz (respectivamente), y el secretario de la Presidencia, \u00c1lvaro Delgado, entre otras autoridades nacionales y departamentales.<\/p>\n\n\n\n<p>Delgado manifest\u00f3 p\u00fablicamente su sentimiento de agradecimiento a la gesti\u00f3n de Antel encabezada por Gurm\u00e9ndez y afirm\u00f3 que \u201cse ha hecho de un Antel m\u00e1s uruguayo que nunca, con mejores y mayores servicios, m\u00e1s clientes, m\u00e1s econ\u00f3mico y eso es importante cuando se habla de empresas p\u00fablicas\u201d.<\/p>\n\n\n\n<p>A\u00f1adi\u00f3 que la empresa \u201chace punta en el desarrollo tecnol\u00f3gico con compromiso social, a trav\u00e9s de servicios rentables, y adem\u00e1s se preocupa por la igualdad de oportunidades en los lugares m\u00e1s rec\u00f3nditos del Uruguay\u201d.<\/p>\n\n\n\n<p>En tanto, Gurm\u00e9ndez resalt\u00f3 la instalaci\u00f3n de radiobases en el interior profundo y, en el caso de Tacuaremb\u00f3, \u201cllegamos a Paso del Cerro, Puntas de Cinco Sauce, Las Toscas de Caraguata, La Hilera, Tambores, Montevideo Chico, Peralta, Paso Bonilla, Pasos de los Novillos, Rinc\u00f3n de Zamora, y en una semana se har\u00e1 lo mismo en Luj\u00e1n\u201d.<\/p>\n\n\n\n<p>Adem\u00e1s, hizo hincapi\u00e9 en la visi\u00f3n de la empresa que trata de que haya equidad en el acceso a los servicios para generar esa igualdad de oportunidades y lo mismo con la fibra \u00f3ptica que \u201cafortunadamente hemos podido llevar a distintos rincones del pa\u00eds, poniendo esta empresa p\u00fablica al servicio de la gente\u201d.<\/p>\n\n\n\n<p>Sostuvo que \u201cpara nosotros es doblemente relevante porque el primer d\u00eda de la gesti\u00f3n nos comprometimos a que Antel, en un escenario de cambios tecnol\u00f3gicos permanentes, ten\u00eda que estar a la vanguardia para seguir siendo l\u00edder y en la primera linea de renovaci\u00f3n tecnol\u00f3gica, trayendo el 5G a Uruguay\u201d.<\/p>\n\n\n\n<p>A\u00f1adi\u00f3 que \u201ces la primera vez en la historia de Antel que cuando se anuncia la implementaci\u00f3n de tecnolog\u00eda no se hace primero en Punta del Este y Montevideo sino en todo el pa\u00eds\u201d.<\/p>\n\n\n\n<p>Por \u00faltimo, dijo que \u201cel 5G es la tecnolog\u00eda m\u00e1s moderna y con ella vamos a poder hacer todo con mejor calidad y nos abre una ventana hacia el futuro del pa\u00eds, lo cual se traduce en oportunidades para la gente\u201d, afirm\u00f3.<\/p>\n\n\n\n\t\t<style type=\"text\/css\">\n\t\t\t#gallery-1 {\n\t\t\t\tmargin: auto;\n\t\t\t}\n\t\t\t#gallery-1 .gallery-item {\n\t\t\t\tfloat: left;\n\t\t\t\tmargin-top: 10px;\n\t\t\t\ttext-align: center;\n\t\t\t\twidth: 33%;\n\t\t\t}\n\t\t\t#gallery-1 img {\n\t\t\t\tborder: 2px solid #cfcfcf;\n\t\t\t}\n\t\t\t#gallery-1 .gallery-caption {\n\t\t\t\tmargin-left: 0;\n\t\t\t}\n\t\t\t\/* see gallery_shortcode() in wp-includes\/media.php *\/\n\t\t<\/style>\n\t\t<div id='gallery-1' class='gallery galleryid-21508 gallery-columns-3 gallery-size-thumbnail'><dl class='gallery-item'>\n\t\t\t<dt class='gallery-icon landscape'>\n\t\t\t\t<a href='https:\/\/tacuarembo.gub.uy\/?attachment_id=21509'><img loading=\"lazy\" decoding=\"async\" width=\"200\" height=\"140\" src=\"https:\/\/tacuarembo.gub.uy\/wp-content\/uploads\/IMG-20230810-WA0100-200x140.jpg\" class=\"attachment-thumbnail size-thumbnail\" alt=\"\" \/><\/a>\n\t\t\t<\/dt><\/dl><dl class='gallery-item'>\n\t\t\t<dt class='gallery-icon landscape'>\n\t\t\t\t<a href='https:\/\/tacuarembo.gub.uy\/?attachment_id=21510'><img loading=\"lazy\" decoding=\"async\" width=\"200\" height=\"140\" src=\"https:\/\/tacuarembo.gub.uy\/wp-content\/uploads\/IMG-20230810-WA0099-200x140.jpg\" class=\"attachment-thumbnail size-thumbnail\" alt=\"\" \/><\/a>\n\t\t\t<\/dt><\/dl><dl class='gallery-item'>\n\t\t\t<dt class='gallery-icon landscape'>\n\t\t\t\t<a href='https:\/\/tacuarembo.gub.uy\/?attachment_id=21511'><img loading=\"lazy\" decoding=\"async\" width=\"200\" height=\"140\" src=\"https:\/\/tacuarembo.gub.uy\/wp-content\/uploads\/IMG-20230810-WA0101-200x140.jpg\" class=\"attachment-thumbnail size-thumbnail\" alt=\"\" \/><\/a>\n\t\t\t<\/dt><\/dl><br style=\"clear: both\" \/><dl class='gallery-item'>\n\t\t\t<dt class='gallery-icon landscape'>\n\t\t\t\t<a href='https:\/\/tacuarembo.gub.uy\/?attachment_id=21512'><img loading=\"lazy\" decoding=\"async\" width=\"200\" height=\"140\" src=\"https:\/\/tacuarembo.gub.uy\/wp-content\/uploads\/IMG-20230810-WA0098-200x140.jpg\" class=\"attachment-thumbnail size-thumbnail\" alt=\"\" \/><\/a>\n\t\t\t<\/dt><\/dl><dl class='gallery-item'>\n\t\t\t<dt class='gallery-icon landscape'>\n\t\t\t\t<a href='https:\/\/tacuarembo.gub.uy\/?attachment_id=21513'><img loading=\"lazy\" decoding=\"async\" width=\"200\" height=\"140\" src=\"https:\/\/tacuarembo.gub.uy\/wp-content\/uploads\/IMG-20230810-WA0097-200x140.jpg\" class=\"attachment-thumbnail size-thumbnail\" alt=\"\" \/><\/a>\n\t\t\t<\/dt><\/dl>\n\t\t\t<br style='clear: both' \/>\n\t\t<\/div>\n","protected":false},"excerpt":{"rendered":"<p>El intendente de Tacuaremb\u00f3, Wilson Ezquerra, asegur\u00f3 que es un adelanto \u201csumamente importante en el mundo en que vivimos\u201d. Sostuvo que la posibilidad de contar con tecnolog\u00eda 5G \u201ces un gran progreso en materia de telecomunicaciones y los avances tecnol\u00f3gicos que ha tenido Antel, con la cantidad de antenas y radiobases colocadas en el departamento, van en funci\u00f3n del requerimiento de los vecinos\u201d<\/p>\n","protected":false},"author":3,"featured_media":21511,"comment_status":"open","ping_status":"open","sticky":false,"template":"","format":"standard","meta":{"_eb_attr":"","footnotes":""},"categories":[16],"tags":[],"class_list":{"0":"post-21508","1":"post","2":"type-post","3":"status-publish","4":"format-standard","5":"has-post-thumbnail","7":"category-noticias"},"_links":{"self":[{"href":"https:\/\/tacuarembo.gub.uy\/index.php?rest_route=\/wp\/v2\/posts\/21508","targetHints":{"allow":["GET"]}}],"collection":[{"href":"https:\/\/tacuarembo.gub.uy\/index.php?rest_route=\/wp\/v2\/posts"}],"about":[{"href":"https:\/\/tacuarembo.gub.uy\/index.php?rest_route=\/wp\/v2\/types\/post"}],"author":[{"embeddable":true,"href":"https:\/\/tacuarembo.gub.uy\/index.php?rest_route=\/wp\/v2\/users\/3"}],"replies":[{"embeddable":true,"href":"https:\/\/tacuarembo.gub.uy\/index.php?rest_route=%2Fwp%2Fv2%2Fcomments&post=21508"}],"version-history":[{"count":1,"href":"https:\/\/tacuarembo.gub.uy\/index.php?rest_route=\/wp\/v2\/posts\/21508\/revisions"}],"predecessor-version":[{"id":21514,"href":"https:\/\/tacuarembo.gub.uy\/index.php?rest_route=\/wp\/v2\/posts\/21508\/revisions\/21514"}],"wp:featuredmedia":[{"embeddable":true,"href":"https:\/\/tacuarembo.gub.uy\/index.php?rest_route=\/wp\/v2\/media\/21511"}],"wp:attachment":[{"href":"https:\/\/tacuarembo.gub.uy\/index.php?rest_route=%2Fwp%2Fv2%2Fmedia&parent=21508"}],"wp:term":[{"taxonomy":"category","embeddable":true,"href":"https:\/\/tacuarembo.gub.uy\/index.php?rest_route=%2Fwp%2Fv2%2Fcategories&post=21508"},{"taxonomy":"post_tag","embeddable":true,"href":"https:\/\/tacuarembo.gub.uy\/index.php?rest_route=%2Fwp%2Fv2%2Ftags&post=21508"}],"curies":[{"name":"wp","href":"https:\/\/api.w.org\/{rel}","templated":true}]}}