{"id":21476,"date":"2023-08-08T22:14:12","date_gmt":"2023-08-09T01:14:12","guid":{"rendered":"https:\/\/tacuarembo.gub.uy\/?p=21476"},"modified":"2023-08-08T22:14:35","modified_gmt":"2023-08-09T01:14:35","slug":"balneario-ipora-carrera-con-carritos-de-rulemanes-reunio-a-mas-100-competidores-y-un-gran-marco-de-publico","status":"publish","type":"post","link":"https:\/\/tacuarembo.gub.uy\/?p=21476","title":{"rendered":"Balneario Ipor\u00e1: carrera con carritos de rulemanes reuni\u00f3 a m\u00e1s 100 competidores y un gran marco de p\u00fablico"},"content":{"rendered":"\n<p>El organizador del evento, Gustavo Mart\u00ednez, hizo un balance de la instancia realizada el pasado fin de semana en Balneario Ipor\u00e1 y adelant\u00f3 que habr\u00e1 nuevas fechas. Destac\u00f3 que la propuesta es recreativa y sana, adem\u00e1s de hacer hincapi\u00e9 en el fortalecimiento de los v\u00ednculos familiares y en alejar a los ni\u00f1os de las pantallas.<\/p>\n\n\n\n<p>Asimismo, indic\u00f3 que tiene un fin ben\u00e9fico que permite ayudar a una instituci\u00f3n social, \u201cprimero fue el Hogar Paz Nadal y ahora el Sal\u00f3n Comunal del barrio Godoy a donde se entregar\u00e1 una gran cantidad de alimentos\u201d, afirm\u00f3.<\/p>\n\n\n<p><img loading=\"lazy\" decoding=\"async\" width=\"1080\" height=\"720\" class=\"alignnone size-full wp-image-21477\" src=\"https:\/\/tacuarembo.gub.uy\/wp-content\/uploads\/IMG-20230808-WA0029.jpg\" alt=\"\" srcset=\"https:\/\/tacuarembo.gub.uy\/wp-content\/uploads\/IMG-20230808-WA0029.jpg 1080w, https:\/\/tacuarembo.gub.uy\/wp-content\/uploads\/IMG-20230808-WA0029-768x512.jpg 768w\" sizes=\"auto, (max-width: 1080px) 100vw, 1080px\" \/><\/p>\n\n\n<p>Mart\u00ednez agradeci\u00f3 especialmente a los medios de comunicaci\u00f3n, a los comercios que se sumaron a la propuesta y a todas las direcciones de la Intendencia de Tacuaremb\u00f3 por el apoyo recibido.<\/p>\n\n\n\n<p>En cuanto a la convocatoria, el organizador detall\u00f3 que fueron m\u00e1s de 100 competidores los que se sumaron a las carreras y, en el correr de la jornada, hubo un gran marco de p\u00fablico del Norte del pa\u00eds.<\/p>\n\n\n\n<p>La pr\u00f3xima actividad ser\u00e1 el 8 de octubre y en diciembre \u201charemos un gran cierre de a\u00f1o, aunque previamente tambi\u00e9n nos vamos a reunir para evaluar y seguir adelante\u201d, afirm\u00f3.<\/p>\n","protected":false},"excerpt":{"rendered":"<p>El organizador del evento, Gustavo Mart\u00ednez, hizo un balance de la instancia realizada el pasado fin de semana en Balneario Ipor\u00e1 y adelant\u00f3 que habr\u00e1 nuevas fechas. Destac\u00f3 que la propuesta es recreativa y sana, adem\u00e1s de hacer hincapi\u00e9 en el fortalecimiento de los v\u00ednculos familiares y en alejar a los ni\u00f1os de las pantallas<\/p>\n","protected":false},"author":3,"featured_media":21477,"comment_status":"open","ping_status":"open","sticky":false,"template":"","format":"standard","meta":{"_eb_attr":"","footnotes":""},"categories":[31,32,16],"tags":[],"class_list":{"0":"post-21476","1":"post","2":"type-post","3":"status-publish","4":"format-standard","5":"has-post-thumbnail","7":"category-deportes","8":"category-juventud","9":"category-noticias"},"_links":{"self":[{"href":"https:\/\/tacuarembo.gub.uy\/index.php?rest_route=\/wp\/v2\/posts\/21476","targetHints":{"allow":["GET"]}}],"collection":[{"href":"https:\/\/tacuarembo.gub.uy\/index.php?rest_route=\/wp\/v2\/posts"}],"about":[{"href":"https:\/\/tacuarembo.gub.uy\/index.php?rest_route=\/wp\/v2\/types\/post"}],"author":[{"embeddable":true,"href":"https:\/\/tacuarembo.gub.uy\/index.php?rest_route=\/wp\/v2\/users\/3"}],"replies":[{"embeddable":true,"href":"https:\/\/tacuarembo.gub.uy\/index.php?rest_route=%2Fwp%2Fv2%2Fcomments&post=21476"}],"version-history":[{"count":1,"href":"https:\/\/tacuarembo.gub.uy\/index.php?rest_route=\/wp\/v2\/posts\/21476\/revisions"}],"predecessor-version":[{"id":21478,"href":"https:\/\/tacuarembo.gub.uy\/index.php?rest_route=\/wp\/v2\/posts\/21476\/revisions\/21478"}],"wp:featuredmedia":[{"embeddable":true,"href":"https:\/\/tacuarembo.gub.uy\/index.php?rest_route=\/wp\/v2\/media\/21477"}],"wp:attachment":[{"href":"https:\/\/tacuarembo.gub.uy\/index.php?rest_route=%2Fwp%2Fv2%2Fmedia&parent=21476"}],"wp:term":[{"taxonomy":"category","embeddable":true,"href":"https:\/\/tacuarembo.gub.uy\/index.php?rest_route=%2Fwp%2Fv2%2Fcategories&post=21476"},{"taxonomy":"post_tag","embeddable":true,"href":"https:\/\/tacuarembo.gub.uy\/index.php?rest_route=%2Fwp%2Fv2%2Ftags&post=21476"}],"curies":[{"name":"wp","href":"https:\/\/api.w.org\/{rel}","templated":true}]}}