{"id":21360,"date":"2023-07-31T16:22:05","date_gmt":"2023-07-31T19:22:05","guid":{"rendered":"https:\/\/tacuarembo.gub.uy\/?p=21360"},"modified":"2023-07-31T16:40:25","modified_gmt":"2023-07-31T19:40:25","slug":"muestra-memoria-y-legado-del-holocausto-esta-habilitada-al-publico-hasta-el-31-de-agosto","status":"publish","type":"post","link":"https:\/\/tacuarembo.gub.uy\/?p=21360","title":{"rendered":"Muestra Memoria y Legado del Holocausto est\u00e1 habilitada al p\u00fablico hasta el 31 de agosto"},"content":{"rendered":"\n<p>La exposici\u00f3n permanece abierta de martes a s\u00e1bado, de 10 a 16 horas, en el Museo de Artes de la ciudad de Tacuaremb\u00f3 con la organizaci\u00f3n de la Intendencia de Tacuaremb\u00f3 y el apoyo del Comit\u00e9 Central Israelita del Uruguay y el Centro Recordatorio del Holocausto.<\/p>\n\n\n\n<p>En ella se plantea la interrogante \u00bfC\u00f3mo fue humanamente posible? Y se exponen los aspectos hist\u00f3ricos m\u00e1s salientes del Holocausto, comenzando con la vida jud\u00eda en Europa antes de la Sho\u00e1, culminando con la liberaci\u00f3n de los campos de concentraci\u00f3n y exterminio nazis a lo largo y ancho del continente y el notable regreso a la vida de los sobrevivientes.<\/p>\n\n\n\n<p>La intendente interina Greysi Ara\u00fajo, se refiri\u00f3 a su importancia, resaltando \u201cesta muestra convoca a la reflexi\u00f3n, el aprendizaje, a generar conciencia sobre lo ocurrido, a ser custodios de los valores y derechos de todos, erradicar la indiferencia, as\u00ed como a generar empat\u00eda y una convivencia digna en una sociedad justa\u201d.<\/p>\n\n\n\n<p>Asimismo, agradeci\u00f3 a los equipos docentes de los centros educativos p\u00fablicos y privados del departamento que \u201chan recibido a los representantes de esta muestra, brind\u00e1ndoles la atenci\u00f3n que se merecen\u201d.<\/p>\n\n\n\n<p>El presidente del Comit\u00e9 Israelita en Uruguay, Roby Schindler, expres\u00f3 que \u201cno es una muestra fotogr\u00e1fica cualquiera y cuando la recorran ver\u00e1n una delicada selecci\u00f3n de momentos, personas, situaciones, y documentos que -a trav\u00e9s de fotograf\u00edas- inmortalizan una historia dif\u00edcil de contar, m\u00e1s dif\u00edcil a\u00fan de escuchar y casi imposible de imaginar\u201d.<\/p>\n\n\n\n<p>En ese sentido, \u201clas fotos muestran algo que ocurri\u00f3 hace 80 a\u00f1os, cuyos protagonistas fueron asesinados o murieron con el correr de los a\u00f1os; ya casi no quedan testimonios vivos de una de las peores tragedias perpetradas por el hombre contra su propia especie\u201d.<\/p>\n\n\n\n<p>Schindler hizo hincapi\u00e9 en la posibilidad de que la muestra salga de la capital y llegue a Tacuaremb\u00f3 para que en todos los rincones del pa\u00eds \u201cse conozca este hecho que se llev\u00f3 a cabo mientras el mundo permaneci\u00f3 callado con total indiferencia, frente al horror al que fueron sometidos seis millones de hombres, mujeres y ni\u00f1os por el s\u00f3lo hecho de ser jud\u00edos\u201d.<\/p>\n\n\n\n<p>Por \u00faltimo, agradeci\u00f3 a la Intendencia de Tacuaremb\u00f3, a trav\u00e9s del intendente Wilson Ezquerra, la intendente interina, Greisy Ara\u00fajo, el director general de Cultura, Carlos Arezzo, y la directora de Cultura, Loreley Alam\u00f3n. Asimismo, extendi\u00f3 el saludo a la integrante de la Direcci\u00f3n General de Educaci\u00f3n y Cultura, Raquel Hern\u00e1ndez, quien coordin\u00f3 junto a Nelson Edelman todos los detalles y actividades de capacitaci\u00f3n relacionadas con esta exposici\u00f3n.<\/p>\n\n\n\n\n","protected":false},"excerpt":{"rendered":"<p>La exposici\u00f3n permanece abierta de martes a s\u00e1bado, de 10 a 16 horas, en el Museo de Artes de la ciudad de Tacuaremb\u00f3 con la organizaci\u00f3n de la Intendencia de Tacuaremb\u00f3 y el apoyo del Comit\u00e9 Central Israelita del Uruguay y el Centro Recordatorio del Holocausto<\/p>\n","protected":false},"author":3,"featured_media":21361,"comment_status":"open","ping_status":"open","sticky":false,"template":"","format":"standard","meta":{"_eb_attr":"","footnotes":""},"categories":[16],"tags":[],"class_list":{"0":"post-21360","1":"post","2":"type-post","3":"status-publish","4":"format-standard","5":"has-post-thumbnail","7":"category-noticias"},"_links":{"self":[{"href":"https:\/\/tacuarembo.gub.uy\/index.php?rest_route=\/wp\/v2\/posts\/21360","targetHints":{"allow":["GET"]}}],"collection":[{"href":"https:\/\/tacuarembo.gub.uy\/index.php?rest_route=\/wp\/v2\/posts"}],"about":[{"href":"https:\/\/tacuarembo.gub.uy\/index.php?rest_route=\/wp\/v2\/types\/post"}],"author":[{"embeddable":true,"href":"https:\/\/tacuarembo.gub.uy\/index.php?rest_route=\/wp\/v2\/users\/3"}],"replies":[{"embeddable":true,"href":"https:\/\/tacuarembo.gub.uy\/index.php?rest_route=%2Fwp%2Fv2%2Fcomments&post=21360"}],"version-history":[{"count":5,"href":"https:\/\/tacuarembo.gub.uy\/index.php?rest_route=\/wp\/v2\/posts\/21360\/revisions"}],"predecessor-version":[{"id":21387,"href":"https:\/\/tacuarembo.gub.uy\/index.php?rest_route=\/wp\/v2\/posts\/21360\/revisions\/21387"}],"wp:featuredmedia":[{"embeddable":true,"href":"https:\/\/tacuarembo.gub.uy\/index.php?rest_route=\/wp\/v2\/media\/21361"}],"wp:attachment":[{"href":"https:\/\/tacuarembo.gub.uy\/index.php?rest_route=%2Fwp%2Fv2%2Fmedia&parent=21360"}],"wp:term":[{"taxonomy":"category","embeddable":true,"href":"https:\/\/tacuarembo.gub.uy\/index.php?rest_route=%2Fwp%2Fv2%2Fcategories&post=21360"},{"taxonomy":"post_tag","embeddable":true,"href":"https:\/\/tacuarembo.gub.uy\/index.php?rest_route=%2Fwp%2Fv2%2Ftags&post=21360"}],"curies":[{"name":"wp","href":"https:\/\/api.w.org\/{rel}","templated":true}]}}