{"id":21355,"date":"2023-07-28T11:37:44","date_gmt":"2023-07-28T14:37:44","guid":{"rendered":"https:\/\/tacuarembo.gub.uy\/?p=21355"},"modified":"2023-07-28T11:37:45","modified_gmt":"2023-07-28T14:37:45","slug":"idt-lamenta-el-fallecimiento-del-padre-de-la-intendente-interina-greysi-araujo","status":"publish","type":"post","link":"https:\/\/tacuarembo.gub.uy\/?p=21355","title":{"rendered":"IDT lamenta el fallecimiento del padre de la intendente interina Greysi Ara\u00fajo"},"content":{"rendered":"\n<p>La Intendencia Departamental de Tacuaremb\u00f3 lamenta con profundo dolor el fallecimiento del se\u00f1or Miguel \u00c1ngel Ara\u00fajo Barcelona, padre de nuestra intendente interina, maestra Greysi Ara\u00fajo.<\/p>\n\n\n\n<p>Comunicamos que el velatorio se realizar\u00e1 en la Sala Municipal de Achar y el acto del sepelio se desarrollar\u00e1 luego en el cementerio de esta localidad, a la hora 17.<\/p>\n","protected":false},"excerpt":{"rendered":"<p>La Intendencia Departamental de Tacuaremb\u00f3 lamenta con profundo dolor el fallecimiento del se\u00f1or Miguel \u00c1ngel Ara\u00fajo Barcelona, padre de nuestra intendente interina, maestra Greysi Ara\u00fajo<\/p>\n","protected":false},"author":3,"featured_media":21356,"comment_status":"open","ping_status":"open","sticky":false,"template":"","format":"standard","meta":{"_eb_attr":"","footnotes":""},"categories":[16],"tags":[],"class_list":{"0":"post-21355","1":"post","2":"type-post","3":"status-publish","4":"format-standard","5":"has-post-thumbnail","7":"category-noticias"},"_links":{"self":[{"href":"https:\/\/tacuarembo.gub.uy\/index.php?rest_route=\/wp\/v2\/posts\/21355","targetHints":{"allow":["GET"]}}],"collection":[{"href":"https:\/\/tacuarembo.gub.uy\/index.php?rest_route=\/wp\/v2\/posts"}],"about":[{"href":"https:\/\/tacuarembo.gub.uy\/index.php?rest_route=\/wp\/v2\/types\/post"}],"author":[{"embeddable":true,"href":"https:\/\/tacuarembo.gub.uy\/index.php?rest_route=\/wp\/v2\/users\/3"}],"replies":[{"embeddable":true,"href":"https:\/\/tacuarembo.gub.uy\/index.php?rest_route=%2Fwp%2Fv2%2Fcomments&post=21355"}],"version-history":[{"count":1,"href":"https:\/\/tacuarembo.gub.uy\/index.php?rest_route=\/wp\/v2\/posts\/21355\/revisions"}],"predecessor-version":[{"id":21357,"href":"https:\/\/tacuarembo.gub.uy\/index.php?rest_route=\/wp\/v2\/posts\/21355\/revisions\/21357"}],"wp:featuredmedia":[{"embeddable":true,"href":"https:\/\/tacuarembo.gub.uy\/index.php?rest_route=\/wp\/v2\/media\/21356"}],"wp:attachment":[{"href":"https:\/\/tacuarembo.gub.uy\/index.php?rest_route=%2Fwp%2Fv2%2Fmedia&parent=21355"}],"wp:term":[{"taxonomy":"category","embeddable":true,"href":"https:\/\/tacuarembo.gub.uy\/index.php?rest_route=%2Fwp%2Fv2%2Fcategories&post=21355"},{"taxonomy":"post_tag","embeddable":true,"href":"https:\/\/tacuarembo.gub.uy\/index.php?rest_route=%2Fwp%2Fv2%2Ftags&post=21355"}],"curies":[{"name":"wp","href":"https:\/\/api.w.org\/{rel}","templated":true}]}}