{"id":21344,"date":"2023-07-27T17:57:32","date_gmt":"2023-07-27T20:57:32","guid":{"rendered":"https:\/\/tacuarembo.gub.uy\/?p=21344"},"modified":"2023-07-28T08:18:12","modified_gmt":"2023-07-28T11:18:12","slug":"tacuarembo-estara-presente-en-el-festival-binacional-de-enogastronomia","status":"publish","type":"post","link":"https:\/\/tacuarembo.gub.uy\/?p=21344","title":{"rendered":"Tacuaremb\u00f3 estar\u00e1 presente en el Festival Binacional de Enogastronom\u00eda"},"content":{"rendered":"\n<p>En el marco del fortalecimiento de la regi\u00f3n, la Intendencia de Rivera, el Ministerio de Turismo y la Comisi\u00f3n organizadora dieron a conocer en Tacuaremb\u00f3 detalles del Festival Binacional de Enogastronom\u00eda que se desarrollar\u00e1 en el Parque Internacional, entre el 28 de julio y el 5 de agosto.<\/p>\n\n\n\n<p>La Intendencia de Tacuaremb\u00f3 participar\u00e1 del evento mediante la presentaci\u00f3n de sus productos tur\u00edsticos en materia rural y de naturaleza, as\u00ed como dando a conocer los nuevos operadores del departamento y la gran cantidad de propuestas \u201cque nos van posicionando a nivel pa\u00eds\u201d, indic\u00f3 el director de Turismo, Marcelo Crespi.<\/p>\n\n\n\n<p>Tambi\u00e9n destac\u00f3 que \u201ces un evento que sentimos propio porque estamos trabajando en el fortalecimiento regional y se est\u00e1n realizando eventos de primera categor\u00eda, tanto en Tacuaremb\u00f3 como en Rivera.<\/p>\n\n\n\n<p>La intendenta (I) Greysi Ara\u00fajo particip\u00f3 de la conferencia de prensa, que tuvo lugar este jueves 27 de julio, y destac\u00f3 la hermandad que une a ambos departamentos, adem\u00e1s de celebrar la generaci\u00f3n de instancias de desarrollo.<\/p>\n\n\n\n<p>Por su parte, el director de Turismo de la Intendencia de Rivera, Jean Alvez, agradeci\u00f3 la oportunidad de estrechar v\u00ednculos y lo defini\u00f3 como algo muy importante en materia de descentralizaci\u00f3n. A\u00f1adi\u00f3 que el Festival Binacional de Enogastronom\u00eda \u201ces una forma de tomar relevancia a nivel nacional y una oportunidad \u00fanica de estar en un evento que une a dos pa\u00edses, buscando potenciar y fortalecer la marca de destino binacional\u201d.<\/p>\n\n\n\n<p>El coordinador Regional del Ministerio de Turismo, Santiago Estevez, dijo sentirse orgulloso por el resultado del trabajo en equipo dentro de esa \u201cb\u00fasqueda para posicionar a la Regi\u00f3n Norte como un destino en s\u00ed mismo\u201d. De esta manera, \u201cle estamos presentando a los visitantes una oferta conjunta que es clave para el futuro\u201d.<\/p>\n\n\n\n<p>La coordinadora del Festival Binacional de Enogastronom\u00eda, Jussara Dutra, dijo que \u00e9ste surgi\u00f3 como prop\u00f3sito de realizar una integraci\u00f3n tur\u00edstica entre Brasil y Uruguay y se convirti\u00f3 en una referencia, donde m\u00e1s de 30 entidades p\u00fablicas y privadas se re\u00fanen anualmente.<\/p>\n\n\n\n<p>Los organizadores coincidieron en que Uruguay y Brasil unen esfuerzos para valorizar la integraci\u00f3n de la regi\u00f3n fronteriza y brindar a los participantes del evento grandes experiencias, destacando las potencialidades y singularidades culturales y enogastron\u00f3micas.<\/p>\n\n\n\n\t\t<style type=\"text\/css\">\n\t\t\t#gallery-1 {\n\t\t\t\tmargin: auto;\n\t\t\t}\n\t\t\t#gallery-1 .gallery-item {\n\t\t\t\tfloat: left;\n\t\t\t\tmargin-top: 10px;\n\t\t\t\ttext-align: center;\n\t\t\t\twidth: 33%;\n\t\t\t}\n\t\t\t#gallery-1 img {\n\t\t\t\tborder: 2px solid #cfcfcf;\n\t\t\t}\n\t\t\t#gallery-1 .gallery-caption {\n\t\t\t\tmargin-left: 0;\n\t\t\t}\n\t\t\t\/* see gallery_shortcode() in wp-includes\/media.php *\/\n\t\t<\/style>\n\t\t<div id='gallery-1' class='gallery galleryid-21344 gallery-columns-3 gallery-size-full'><dl class='gallery-item'>\n\t\t\t<dt class='gallery-icon landscape'>\n\t\t\t\t<a href='https:\/\/tacuarembo.gub.uy\/?attachment_id=21345'><img loading=\"lazy\" decoding=\"async\" width=\"1739\" height=\"837\" src=\"https:\/\/tacuarembo.gub.uy\/wp-content\/uploads\/IMG-20230727-WA0033.jpg\" class=\"attachment-full size-full\" alt=\"\" srcset=\"https:\/\/tacuarembo.gub.uy\/wp-content\/uploads\/IMG-20230727-WA0033.jpg 1739w, https:\/\/tacuarembo.gub.uy\/wp-content\/uploads\/IMG-20230727-WA0033-768x370.jpg 768w, https:\/\/tacuarembo.gub.uy\/wp-content\/uploads\/IMG-20230727-WA0033-1536x739.jpg 1536w\" sizes=\"auto, (max-width: 1739px) 100vw, 1739px\" \/><\/a>\n\t\t\t<\/dt><\/dl><dl class='gallery-item'>\n\t\t\t<dt class='gallery-icon landscape'>\n\t\t\t\t<a href='https:\/\/tacuarembo.gub.uy\/?attachment_id=21346'><img loading=\"lazy\" decoding=\"async\" width=\"2048\" height=\"1569\" src=\"https:\/\/tacuarembo.gub.uy\/wp-content\/uploads\/IMG-20230727-WA0032.jpg\" class=\"attachment-full size-full\" alt=\"\" srcset=\"https:\/\/tacuarembo.gub.uy\/wp-content\/uploads\/IMG-20230727-WA0032.jpg 2048w, https:\/\/tacuarembo.gub.uy\/wp-content\/uploads\/IMG-20230727-WA0032-768x588.jpg 768w, https:\/\/tacuarembo.gub.uy\/wp-content\/uploads\/IMG-20230727-WA0032-1536x1177.jpg 1536w\" sizes=\"auto, (max-width: 2048px) 100vw, 2048px\" \/><\/a>\n\t\t\t<\/dt><\/dl><dl class='gallery-item'>\n\t\t\t<dt class='gallery-icon landscape'>\n\t\t\t\t<a href='https:\/\/tacuarembo.gub.uy\/?attachment_id=21347'><img loading=\"lazy\" decoding=\"async\" width=\"2000\" height=\"1126\" src=\"https:\/\/tacuarembo.gub.uy\/wp-content\/uploads\/IMG-20230727-WA0031.jpg\" class=\"attachment-full size-full\" alt=\"\" srcset=\"https:\/\/tacuarembo.gub.uy\/wp-content\/uploads\/IMG-20230727-WA0031.jpg 2000w, https:\/\/tacuarembo.gub.uy\/wp-content\/uploads\/IMG-20230727-WA0031-768x432.jpg 768w, https:\/\/tacuarembo.gub.uy\/wp-content\/uploads\/IMG-20230727-WA0031-1536x865.jpg 1536w\" sizes=\"auto, (max-width: 2000px) 100vw, 2000px\" \/><\/a>\n\t\t\t<\/dt><\/dl><br style=\"clear: both\" \/><dl class='gallery-item'>\n\t\t\t<dt class='gallery-icon landscape'>\n\t\t\t\t<a href='https:\/\/tacuarembo.gub.uy\/?attachment_id=21348'><img loading=\"lazy\" decoding=\"async\" width=\"2000\" height=\"1126\" src=\"https:\/\/tacuarembo.gub.uy\/wp-content\/uploads\/IMG-20230727-WA0030.jpg\" class=\"attachment-full size-full\" alt=\"\" srcset=\"https:\/\/tacuarembo.gub.uy\/wp-content\/uploads\/IMG-20230727-WA0030.jpg 2000w, https:\/\/tacuarembo.gub.uy\/wp-content\/uploads\/IMG-20230727-WA0030-768x432.jpg 768w, https:\/\/tacuarembo.gub.uy\/wp-content\/uploads\/IMG-20230727-WA0030-1536x865.jpg 1536w\" sizes=\"auto, (max-width: 2000px) 100vw, 2000px\" \/><\/a>\n\t\t\t<\/dt><\/dl><dl class='gallery-item'>\n\t\t\t<dt class='gallery-icon landscape'>\n\t\t\t\t<a href='https:\/\/tacuarembo.gub.uy\/?attachment_id=21349'><img loading=\"lazy\" decoding=\"async\" width=\"1600\" height=\"1058\" src=\"https:\/\/tacuarembo.gub.uy\/wp-content\/uploads\/IMG-20230727-WA0029.jpg\" class=\"attachment-full size-full\" alt=\"\" srcset=\"https:\/\/tacuarembo.gub.uy\/wp-content\/uploads\/IMG-20230727-WA0029.jpg 1600w, https:\/\/tacuarembo.gub.uy\/wp-content\/uploads\/IMG-20230727-WA0029-768x508.jpg 768w, https:\/\/tacuarembo.gub.uy\/wp-content\/uploads\/IMG-20230727-WA0029-1536x1016.jpg 1536w\" sizes=\"auto, (max-width: 1600px) 100vw, 1600px\" \/><\/a>\n\t\t\t<\/dt><\/dl><dl class='gallery-item'>\n\t\t\t<dt class='gallery-icon landscape'>\n\t\t\t\t<a href='https:\/\/tacuarembo.gub.uy\/?attachment_id=21350'><img loading=\"lazy\" decoding=\"async\" width=\"2048\" height=\"1323\" src=\"https:\/\/tacuarembo.gub.uy\/wp-content\/uploads\/IMG-20230727-WA0028.jpg\" class=\"attachment-full size-full\" alt=\"\" srcset=\"https:\/\/tacuarembo.gub.uy\/wp-content\/uploads\/IMG-20230727-WA0028.jpg 2048w, https:\/\/tacuarembo.gub.uy\/wp-content\/uploads\/IMG-20230727-WA0028-768x496.jpg 768w, https:\/\/tacuarembo.gub.uy\/wp-content\/uploads\/IMG-20230727-WA0028-1536x992.jpg 1536w\" sizes=\"auto, (max-width: 2048px) 100vw, 2048px\" \/><\/a>\n\t\t\t<\/dt><\/dl><br style=\"clear: both\" \/>\n\t\t<\/div>\n","protected":false},"excerpt":{"rendered":"<p>En el marco del fortalecimiento de la regi\u00f3n, la Intendencia de Rivera, el Ministerio de Turismo y la Comisi\u00f3n organizadora dieron a conocer en Tacuaremb\u00f3 detalles del Festival Binacional de Enogastronom\u00eda que se desarrollar\u00e1 en el Parque Internacional, entre el 28 de julio y el 5 de agosto<\/p>\n","protected":false},"author":3,"featured_media":21349,"comment_status":"open","ping_status":"open","sticky":false,"template":"","format":"standard","meta":{"_eb_attr":"","footnotes":""},"categories":[16],"tags":[],"class_list":{"0":"post-21344","1":"post","2":"type-post","3":"status-publish","4":"format-standard","5":"has-post-thumbnail","7":"category-noticias"},"_links":{"self":[{"href":"https:\/\/tacuarembo.gub.uy\/index.php?rest_route=\/wp\/v2\/posts\/21344","targetHints":{"allow":["GET"]}}],"collection":[{"href":"https:\/\/tacuarembo.gub.uy\/index.php?rest_route=\/wp\/v2\/posts"}],"about":[{"href":"https:\/\/tacuarembo.gub.uy\/index.php?rest_route=\/wp\/v2\/types\/post"}],"author":[{"embeddable":true,"href":"https:\/\/tacuarembo.gub.uy\/index.php?rest_route=\/wp\/v2\/users\/3"}],"replies":[{"embeddable":true,"href":"https:\/\/tacuarembo.gub.uy\/index.php?rest_route=%2Fwp%2Fv2%2Fcomments&post=21344"}],"version-history":[{"count":2,"href":"https:\/\/tacuarembo.gub.uy\/index.php?rest_route=\/wp\/v2\/posts\/21344\/revisions"}],"predecessor-version":[{"id":21353,"href":"https:\/\/tacuarembo.gub.uy\/index.php?rest_route=\/wp\/v2\/posts\/21344\/revisions\/21353"}],"wp:featuredmedia":[{"embeddable":true,"href":"https:\/\/tacuarembo.gub.uy\/index.php?rest_route=\/wp\/v2\/media\/21349"}],"wp:attachment":[{"href":"https:\/\/tacuarembo.gub.uy\/index.php?rest_route=%2Fwp%2Fv2%2Fmedia&parent=21344"}],"wp:term":[{"taxonomy":"category","embeddable":true,"href":"https:\/\/tacuarembo.gub.uy\/index.php?rest_route=%2Fwp%2Fv2%2Fcategories&post=21344"},{"taxonomy":"post_tag","embeddable":true,"href":"https:\/\/tacuarembo.gub.uy\/index.php?rest_route=%2Fwp%2Fv2%2Ftags&post=21344"}],"curies":[{"name":"wp","href":"https:\/\/api.w.org\/{rel}","templated":true}]}}