{"id":21329,"date":"2023-07-26T12:46:34","date_gmt":"2023-07-26T15:46:34","guid":{"rendered":"https:\/\/tacuarembo.gub.uy\/?p=21329"},"modified":"2023-07-26T12:47:40","modified_gmt":"2023-07-26T15:47:40","slug":"greysi-araujo-participo-en-el-lanzamiento-del-programa-familias-fuertes-realizado-en-tacuarembo","status":"publish","type":"post","link":"https:\/\/tacuarembo.gub.uy\/?p=21329","title":{"rendered":"Greysi Ara\u00fajo particip\u00f3 en el lanzamiento del Programa Familias Fuertes realizado en Tacuaremb\u00f3"},"content":{"rendered":"\n<p>La intendenta (I) acompa\u00f1\u00f3 la presentaci\u00f3n del Plan de Acci\u00f3n 2023 del Programa Familias Fuertes Uruguay que fue presentado por parte de el Ministerio de Salud P\u00fablica (MSP), la Junta Nacional de Drogas (JND) y la Administraci\u00f3n de Servicios de Salud del Estado (ASSE).<\/p>\n\n\n\n<p>El lanzamiento tuvo lugar este mi\u00e9rcoles 26 de julio, en el Club Tacuaremb\u00f3, donde se cont\u00f3 con la presencia de la directora del programa, Lorena Quintana, y referentes institucionales del departamento.<\/p>\n\n\n\n<p>El objetivo de este proyecto es mejorar la salud y el desarrollo de adolescentes, haciendo \u00e9nfasis en la prevenci\u00f3n de conductas de riesgo como el inicio del consumo de drogas, la violencia y la deserci\u00f3n escolar, entre otras.<\/p>\n\n\n\n<p>Podr\u00e1n participar todas las familias, cualquiera sea su integraci\u00f3n, con la condici\u00f3n de que tengan hijos entre 10 y 14 a\u00f1os de edad. Consiste en sesiones dirigidas a reducir factores de riesgo relacionados con la familia, y en construir estrategias de protecci\u00f3n tanto para j\u00f3venes como para sus padres o tutores. En cada encuentro se realizan actividades y se incluyen manuales de ense\u00f1anza y videos, entre otros.<\/p>\n\n\n\n<p>Entre los prop\u00f3sitos principales se encuentra el fortalecimiento de los v\u00ednculos familiares:<\/p>\n\n\n\n<p>-Ayudar a los padres o tutores a aprender aptitudes de crianza que apoyen el desarrollo del joven.<br>Ense\u00f1ar a los padres o tutores maneras efectivas de disciplinar y guiar a sus hijos.<\/p>\n\n\n\n<p>-Dar a los j\u00f3venes orientaciones saludables para el futuro y para incrementar el aprecio al esfuerzo de sus padres o tutores.<\/p>\n\n\n\n<p>-Ense\u00f1ar a los j\u00f3venes aptitudes para enfrentar el estr\u00e9s y la presi\u00f3n de grupo.<\/p>\n\n\n\n\t\t<style type=\"text\/css\">\n\t\t\t#gallery-1 {\n\t\t\t\tmargin: auto;\n\t\t\t}\n\t\t\t#gallery-1 .gallery-item {\n\t\t\t\tfloat: left;\n\t\t\t\tmargin-top: 10px;\n\t\t\t\ttext-align: center;\n\t\t\t\twidth: 33%;\n\t\t\t}\n\t\t\t#gallery-1 img {\n\t\t\t\tborder: 2px solid #cfcfcf;\n\t\t\t}\n\t\t\t#gallery-1 .gallery-caption {\n\t\t\t\tmargin-left: 0;\n\t\t\t}\n\t\t\t\/* see gallery_shortcode() in wp-includes\/media.php *\/\n\t\t<\/style>\n\t\t<div id='gallery-1' class='gallery galleryid-21329 gallery-columns-3 gallery-size-full'><dl class='gallery-item'>\n\t\t\t<dt class='gallery-icon landscape'>\n\t\t\t\t<a href='https:\/\/tacuarembo.gub.uy\/?attachment_id=21330'><img loading=\"lazy\" decoding=\"async\" width=\"1600\" height=\"1200\" src=\"https:\/\/tacuarembo.gub.uy\/wp-content\/uploads\/WhatsApp-Image-2023-07-26-at-12.45.14.jpeg\" class=\"attachment-full size-full\" alt=\"\" srcset=\"https:\/\/tacuarembo.gub.uy\/wp-content\/uploads\/WhatsApp-Image-2023-07-26-at-12.45.14.jpeg 1600w, https:\/\/tacuarembo.gub.uy\/wp-content\/uploads\/WhatsApp-Image-2023-07-26-at-12.45.14-768x576.jpeg 768w, https:\/\/tacuarembo.gub.uy\/wp-content\/uploads\/WhatsApp-Image-2023-07-26-at-12.45.14-1536x1152.jpeg 1536w\" sizes=\"auto, (max-width: 1600px) 100vw, 1600px\" \/><\/a>\n\t\t\t<\/dt><\/dl><dl class='gallery-item'>\n\t\t\t<dt class='gallery-icon landscape'>\n\t\t\t\t<a href='https:\/\/tacuarembo.gub.uy\/?attachment_id=21331'><img loading=\"lazy\" decoding=\"async\" width=\"2048\" height=\"1536\" src=\"https:\/\/tacuarembo.gub.uy\/wp-content\/uploads\/WhatsApp-Image-2023-07-26-at-12.45.08.jpeg\" class=\"attachment-full size-full\" alt=\"\" srcset=\"https:\/\/tacuarembo.gub.uy\/wp-content\/uploads\/WhatsApp-Image-2023-07-26-at-12.45.08.jpeg 2048w, https:\/\/tacuarembo.gub.uy\/wp-content\/uploads\/WhatsApp-Image-2023-07-26-at-12.45.08-768x576.jpeg 768w, https:\/\/tacuarembo.gub.uy\/wp-content\/uploads\/WhatsApp-Image-2023-07-26-at-12.45.08-1536x1152.jpeg 1536w\" sizes=\"auto, (max-width: 2048px) 100vw, 2048px\" \/><\/a>\n\t\t\t<\/dt><\/dl><dl class='gallery-item'>\n\t\t\t<dt class='gallery-icon landscape'>\n\t\t\t\t<a href='https:\/\/tacuarembo.gub.uy\/?attachment_id=21332'><img loading=\"lazy\" decoding=\"async\" width=\"1600\" height=\"1600\" src=\"https:\/\/tacuarembo.gub.uy\/wp-content\/uploads\/WhatsApp-Image-2023-07-26-at-12.45.07.jpeg\" class=\"attachment-full size-full\" alt=\"\" srcset=\"https:\/\/tacuarembo.gub.uy\/wp-content\/uploads\/WhatsApp-Image-2023-07-26-at-12.45.07.jpeg 1600w, https:\/\/tacuarembo.gub.uy\/wp-content\/uploads\/WhatsApp-Image-2023-07-26-at-12.45.07-768x768.jpeg 768w, https:\/\/tacuarembo.gub.uy\/wp-content\/uploads\/WhatsApp-Image-2023-07-26-at-12.45.07-1536x1536.jpeg 1536w\" sizes=\"auto, (max-width: 1600px) 100vw, 1600px\" \/><\/a>\n\t\t\t<\/dt><\/dl><br style=\"clear: both\" \/>\n\t\t<\/div>\n","protected":false},"excerpt":{"rendered":"<p>La intendenta (I) acompa\u00f1\u00f3 la presentaci\u00f3n del Plan de Acci\u00f3n 2023 del Programa Familias Fuertes Uruguay que fue presentado por parte de el Ministerio de Salud P\u00fablica (MSP), la Junta Nacional de Drogas (JND) y la Administraci\u00f3n de Servicios de Salud del Estado (ASSE)<\/p>\n","protected":false},"author":3,"featured_media":21332,"comment_status":"open","ping_status":"open","sticky":false,"template":"","format":"standard","meta":{"_eb_attr":"","footnotes":""},"categories":[16],"tags":[],"class_list":{"0":"post-21329","1":"post","2":"type-post","3":"status-publish","4":"format-standard","5":"has-post-thumbnail","7":"category-noticias"},"_links":{"self":[{"href":"https:\/\/tacuarembo.gub.uy\/index.php?rest_route=\/wp\/v2\/posts\/21329","targetHints":{"allow":["GET"]}}],"collection":[{"href":"https:\/\/tacuarembo.gub.uy\/index.php?rest_route=\/wp\/v2\/posts"}],"about":[{"href":"https:\/\/tacuarembo.gub.uy\/index.php?rest_route=\/wp\/v2\/types\/post"}],"author":[{"embeddable":true,"href":"https:\/\/tacuarembo.gub.uy\/index.php?rest_route=\/wp\/v2\/users\/3"}],"replies":[{"embeddable":true,"href":"https:\/\/tacuarembo.gub.uy\/index.php?rest_route=%2Fwp%2Fv2%2Fcomments&post=21329"}],"version-history":[{"count":1,"href":"https:\/\/tacuarembo.gub.uy\/index.php?rest_route=\/wp\/v2\/posts\/21329\/revisions"}],"predecessor-version":[{"id":21333,"href":"https:\/\/tacuarembo.gub.uy\/index.php?rest_route=\/wp\/v2\/posts\/21329\/revisions\/21333"}],"wp:featuredmedia":[{"embeddable":true,"href":"https:\/\/tacuarembo.gub.uy\/index.php?rest_route=\/wp\/v2\/media\/21332"}],"wp:attachment":[{"href":"https:\/\/tacuarembo.gub.uy\/index.php?rest_route=%2Fwp%2Fv2%2Fmedia&parent=21329"}],"wp:term":[{"taxonomy":"category","embeddable":true,"href":"https:\/\/tacuarembo.gub.uy\/index.php?rest_route=%2Fwp%2Fv2%2Fcategories&post=21329"},{"taxonomy":"post_tag","embeddable":true,"href":"https:\/\/tacuarembo.gub.uy\/index.php?rest_route=%2Fwp%2Fv2%2Ftags&post=21329"}],"curies":[{"name":"wp","href":"https:\/\/api.w.org\/{rel}","templated":true}]}}