{"id":2117,"date":"2019-02-22T17:19:26","date_gmt":"2019-02-22T17:19:26","guid":{"rendered":"https:\/\/tacuarembo.gub.uy\/?p=2117"},"modified":"2019-02-22T17:19:26","modified_gmt":"2019-02-22T17:19:26","slug":"agesic-y-el-congreso-de-intendentes-firmaron-convenio-de-cooperacion","status":"publish","type":"post","link":"https:\/\/tacuarembo.gub.uy\/?p=2117","title":{"rendered":"Agesic y el Congreso de Intendentes firmaron Convenio de Cooperaci\u00f3n"},"content":{"rendered":"\n<p>Agesic y el Congreso de Intendentes firmaron un Convenio Marco de Cooperaci\u00f3n Interinstitucional, con el objetivo de continuar trabajando en todo el territorio de forma colaborativa hacia una gesti\u00f3n m\u00e1s inteligente. Participaron de la firma Jos\u00e9 Clastornik, director ejecutivo de Agesic, Marne Osorio, intendente de Rivera y Presidente del Congreso de Intendentes, Oscar Terzaghi, intendente de R\u00edo Negro y Pablo Caram, intendente de Artigas. <\/p>\n\n\n\n<p>Durante la actividad, Clastornik asegur\u00f3 que \u00abesta firma es el marco de colaboraci\u00f3n que brinda un \u00e1mbito para trabajar en conjunto\u00bb, y mencion\u00f3 algunos de los ejes principales en los que trabaja Agesic en materia de Gobierno Digital, como el acompa\u00f1amiento de la Agenda Digital, el programa Tr\u00e1mites en L\u00ednea, ciberseguridad, Usuario gub.uy y SIGES. Si bien ya existe trabajo conjunto con diversas intendencias en estas tem\u00e1ticas, a partir de la firma del convenio todos los gobiernos departamentales podr\u00e1n trabajar junto a Agesic en el desarrollo del gobierno digital.<\/p>\n\n\n\n<p>Por su parte, Osorio manifest\u00f3 el inter\u00e9s por parte del Congreso en trabajar en una gesti\u00f3n m\u00e1s inteligente y coment\u00f3 que est\u00e1n trabajando en plataformas con modalidades de acceso a bases de datos y otras iniciativas que apuntan a la digitalizaci\u00f3n de los procesos.<\/p>\n\n\n\n<p>El Congreso de Intendentes cuenta con la Red Interdepartamental de Gobierno Digital del Congreso de Intendentes la cual se aboca a tratar todos los temas en forma conjunta a nivel de los Gobiernos departamentales. Esta red, conformada por la mayor\u00eda de las Intendencias, cumplir\u00e1 el rol fundamental de interlocutor de Agesic, con validaci\u00f3n del Congreso.<\/p>\n","protected":false},"excerpt":{"rendered":"<p>Agesic y el Congreso de Intendentes firmaron un Convenio Marco de Cooperaci\u00f3n Interinstitucional, con el objetivo de continuar trabajando en todo el territorio de forma colaborativa hacia una gesti\u00f3n m\u00e1s inteligente. <\/p>\n","protected":false},"author":3,"featured_media":2118,"comment_status":"open","ping_status":"open","sticky":false,"template":"","format":"standard","meta":{"_eb_attr":"","footnotes":""},"categories":[16],"tags":[],"class_list":{"0":"post-2117","1":"post","2":"type-post","3":"status-publish","4":"format-standard","5":"has-post-thumbnail","7":"category-noticias"},"_links":{"self":[{"href":"https:\/\/tacuarembo.gub.uy\/index.php?rest_route=\/wp\/v2\/posts\/2117","targetHints":{"allow":["GET"]}}],"collection":[{"href":"https:\/\/tacuarembo.gub.uy\/index.php?rest_route=\/wp\/v2\/posts"}],"about":[{"href":"https:\/\/tacuarembo.gub.uy\/index.php?rest_route=\/wp\/v2\/types\/post"}],"author":[{"embeddable":true,"href":"https:\/\/tacuarembo.gub.uy\/index.php?rest_route=\/wp\/v2\/users\/3"}],"replies":[{"embeddable":true,"href":"https:\/\/tacuarembo.gub.uy\/index.php?rest_route=%2Fwp%2Fv2%2Fcomments&post=2117"}],"version-history":[{"count":1,"href":"https:\/\/tacuarembo.gub.uy\/index.php?rest_route=\/wp\/v2\/posts\/2117\/revisions"}],"predecessor-version":[{"id":2119,"href":"https:\/\/tacuarembo.gub.uy\/index.php?rest_route=\/wp\/v2\/posts\/2117\/revisions\/2119"}],"wp:featuredmedia":[{"embeddable":true,"href":"https:\/\/tacuarembo.gub.uy\/index.php?rest_route=\/wp\/v2\/media\/2118"}],"wp:attachment":[{"href":"https:\/\/tacuarembo.gub.uy\/index.php?rest_route=%2Fwp%2Fv2%2Fmedia&parent=2117"}],"wp:term":[{"taxonomy":"category","embeddable":true,"href":"https:\/\/tacuarembo.gub.uy\/index.php?rest_route=%2Fwp%2Fv2%2Fcategories&post=2117"},{"taxonomy":"post_tag","embeddable":true,"href":"https:\/\/tacuarembo.gub.uy\/index.php?rest_route=%2Fwp%2Fv2%2Ftags&post=2117"}],"curies":[{"name":"wp","href":"https:\/\/api.w.org\/{rel}","templated":true}]}}