{"id":2114,"date":"2019-02-22T17:18:03","date_gmt":"2019-02-22T17:18:03","guid":{"rendered":"https:\/\/tacuarembo.gub.uy\/?p=2114"},"modified":"2019-03-16T20:09:45","modified_gmt":"2019-03-16T20:09:45","slug":"patria-la-cerveza-de-la-patria-gaucha","status":"publish","type":"post","link":"https:\/\/tacuarembo.gub.uy\/?p=2114","title":{"rendered":"Patria, la cerveza de la Patria Gaucha"},"content":{"rendered":"\n<p>Cabesas Bier, lanz\u00f3 la Cerveza Oficial que tendr\u00e1 la 33a. Fiesta de la Patria Gaucha, cuya venta ser\u00e1 en exclusividad <br>Se trata de una empresa de Tacuaremb\u00f3 que con capitales locales genera empleo para nuestra gente en la producci\u00f3n y distribuci\u00f3n en todo el territorio nacional siendo protagonista en la actualidad tambi\u00e9n en el mercado Riograndense en Brasil , en el Litoral Argentino y la sensaci\u00f3n en Punta del Este.<br>Patria fue electa dentro de 3 variedades por un jurado representativo del hombre de campo, las aparcerias,los artistas, la organizaci\u00f3n y la Intendencia Departamental, el sabor elegido es de la linea Cream Ale y se transformar\u00e1 sin dudas en popular y ser\u00e1 la preferida con los a\u00f1os en los ruedos tradicionalistas.<\/p>\n\n\n\n<iframe loading=\"lazy\" src=\"https:\/\/www.youtube.com\/embed\/EpZi4ZY5J2Q\" allow=\"accelerometer; autoplay; encrypted-media; gyroscope; picture-in-picture\" allowfullscreen=\"\" width=\"729\" height=\"410\" frameborder=\"0\"><\/iframe>\n","protected":false},"excerpt":{"rendered":"<p>Cabesas Bier , lanz\u00f3 la Cerveza Oficial que tendr\u00e1 la 33a. Fiesta de la Patria Gaucha, cuya venta ser\u00e1 en exclusividad <\/p>\n","protected":false},"author":3,"featured_media":2116,"comment_status":"open","ping_status":"open","sticky":false,"template":"","format":"standard","meta":{"_eb_attr":"","footnotes":""},"categories":[16],"tags":[],"class_list":{"0":"post-2114","1":"post","2":"type-post","3":"status-publish","4":"format-standard","5":"has-post-thumbnail","7":"category-noticias"},"_links":{"self":[{"href":"https:\/\/tacuarembo.gub.uy\/index.php?rest_route=\/wp\/v2\/posts\/2114","targetHints":{"allow":["GET"]}}],"collection":[{"href":"https:\/\/tacuarembo.gub.uy\/index.php?rest_route=\/wp\/v2\/posts"}],"about":[{"href":"https:\/\/tacuarembo.gub.uy\/index.php?rest_route=\/wp\/v2\/types\/post"}],"author":[{"embeddable":true,"href":"https:\/\/tacuarembo.gub.uy\/index.php?rest_route=\/wp\/v2\/users\/3"}],"replies":[{"embeddable":true,"href":"https:\/\/tacuarembo.gub.uy\/index.php?rest_route=%2Fwp%2Fv2%2Fcomments&post=2114"}],"version-history":[{"count":2,"href":"https:\/\/tacuarembo.gub.uy\/index.php?rest_route=\/wp\/v2\/posts\/2114\/revisions"}],"predecessor-version":[{"id":2410,"href":"https:\/\/tacuarembo.gub.uy\/index.php?rest_route=\/wp\/v2\/posts\/2114\/revisions\/2410"}],"wp:featuredmedia":[{"embeddable":true,"href":"https:\/\/tacuarembo.gub.uy\/index.php?rest_route=\/wp\/v2\/media\/2116"}],"wp:attachment":[{"href":"https:\/\/tacuarembo.gub.uy\/index.php?rest_route=%2Fwp%2Fv2%2Fmedia&parent=2114"}],"wp:term":[{"taxonomy":"category","embeddable":true,"href":"https:\/\/tacuarembo.gub.uy\/index.php?rest_route=%2Fwp%2Fv2%2Fcategories&post=2114"},{"taxonomy":"post_tag","embeddable":true,"href":"https:\/\/tacuarembo.gub.uy\/index.php?rest_route=%2Fwp%2Fv2%2Ftags&post=2114"}],"curies":[{"name":"wp","href":"https:\/\/api.w.org\/{rel}","templated":true}]}}