{"id":21084,"date":"2023-07-05T18:05:27","date_gmt":"2023-07-05T21:05:27","guid":{"rendered":"https:\/\/tacuarembo.gub.uy\/?p=21084"},"modified":"2023-07-05T18:16:07","modified_gmt":"2023-07-05T21:16:07","slug":"la-idt-invita-el-proximo-7-de-julio-al-cierre-del-proyecto-quebradas-del-norte-que-se-realiza-en-villa-tambores","status":"publish","type":"post","link":"https:\/\/tacuarembo.gub.uy\/?p=21084","title":{"rendered":"La IDT invita el pr\u00f3ximo 7 de julio al cierre del proyecto \u201cQuebradas del Norte\u201d que se realiza en Villa Tambores"},"content":{"rendered":"\n<p>El proyecto \u201cQuebradas del Norte\u201d es cofinanciado por el Programa de Peque\u00f1as Donaciones del PNUD (Naciones Unidas) y por la Intendencia de Tacuaremb\u00f3 con el objetivo de desarrollar destinos tur\u00edsticos rurales en todos los departamentos.<\/p>\n\n\n\n<p>En 2021 se realiz\u00f3 la convocatoria donde se presentaron once proyectos de impacto y seis los gan\u00f3 Tacuaremb\u00f3, en este caso se dar\u00e1 cierre al proyecto en la localidad de Villa Tambores.<\/p>\n\n\n<p style=\"text-align: center;\"><img loading=\"lazy\" decoding=\"async\" width=\"1200\" height=\"800\" class=\"alignnone size-full wp-image-21085\" src=\"https:\/\/tacuarembo.gub.uy\/wp-content\/uploads\/IMG-20230705-WA0034.jpg\" alt=\"\" srcset=\"https:\/\/tacuarembo.gub.uy\/wp-content\/uploads\/IMG-20230705-WA0034.jpg 1200w, https:\/\/tacuarembo.gub.uy\/wp-content\/uploads\/IMG-20230705-WA0034-768x512.jpg 768w\" sizes=\"auto, (max-width: 1200px) 100vw, 1200px\" \/><\/p>\n\n\n<p>All\u00ed se logr\u00f3 conformar un sitio de inter\u00e9s y atractivo tur\u00edstico, incorporando espacios para la atenci\u00f3n de visitantes, generando circuitos en sitios claves y revalorizando la cultura e identidad de la zona.<\/p>\n\n\n\n<p>El Director de Turismo, Marcelo Crespi inform\u00f3 que este tipo de iniciativas fortalecen la oferta tur\u00edstica de la regi\u00f3n, \u201cprincipalmente de la localidad de Tambores\u201d. Con esta implementaci\u00f3n se logra mostrar el \u201ctradicionalismo, viejas costumbres y oficios\u201d.<\/p>\n\n\n\n<p>Por otra parte, sostuvo que desde el punto de vista hist\u00f3rico cultural se enfatiza la importancia de estas iniciativas y principalmente en el \u00e1rea denominada \u201cQuebradas del Norte\u201d.<\/p>\n\n\n\n<p>La IDT invita al cierre del proyecto que ser\u00e1 el pr\u00f3ximo viernes 7 de julio en Tambores y en conjunto con la Intendencia de Paysand\u00fa.<\/p>\n\n\n<p><img loading=\"lazy\" decoding=\"async\" width=\"720\" height=\"1280\" class=\"alignnone size-full wp-image-21089\" src=\"https:\/\/tacuarembo.gub.uy\/wp-content\/uploads\/IMG-20230705-WA0033.jpg\" alt=\"\" \/><\/p>\n\n\n<p>El acto comienza a las 10:30 horas en Avenida Artigas y calle 11, frente a la Plazoleta del Puerto Seco y contar\u00e1 con la presencia del Intendente interino de Paysand\u00fa, Eduardo Van Hoff y la Directora de Descentralizaci\u00f3n Gabriela G\u00f3mez, junto al Secretario General de la IDT, Dr. Jos\u00e9 Omar Men\u00e9ndez acompa\u00f1ado por el Director de Turismo, Marcelo Crespi.<\/p>\n\n\n\n<p>Tambi\u00e9n concurrir\u00e1n representantes del Ministerio de Turismo y el Alcalde Ricardo Soares de Lima. En el cierre del proyecto se realizar\u00e1 una presentaci\u00f3n sobre el alcance de la propuesta y actuar\u00e1 el grupo de baile folkl\u00f3rico Fronteritas y finalizar\u00e1 con un almuerzo.<\/p>\n","protected":false},"excerpt":{"rendered":"<p>El proyecto \u201cQuebradas del Norte\u201d es cofinanciado por el Programa de Peque\u00f1as Donaciones del PNUD (Naciones Unidas) y por la Intendencia de Tacuaremb\u00f3 con el objetivo de desarrollar destinos tur\u00edsticos rurales en todos los departamentos<\/p>\n","protected":false},"author":3,"featured_media":21085,"comment_status":"open","ping_status":"open","sticky":false,"template":"","format":"standard","meta":{"_eb_attr":"","footnotes":""},"categories":[16],"tags":[],"class_list":{"0":"post-21084","1":"post","2":"type-post","3":"status-publish","4":"format-standard","5":"has-post-thumbnail","7":"category-noticias"},"_links":{"self":[{"href":"https:\/\/tacuarembo.gub.uy\/index.php?rest_route=\/wp\/v2\/posts\/21084","targetHints":{"allow":["GET"]}}],"collection":[{"href":"https:\/\/tacuarembo.gub.uy\/index.php?rest_route=\/wp\/v2\/posts"}],"about":[{"href":"https:\/\/tacuarembo.gub.uy\/index.php?rest_route=\/wp\/v2\/types\/post"}],"author":[{"embeddable":true,"href":"https:\/\/tacuarembo.gub.uy\/index.php?rest_route=\/wp\/v2\/users\/3"}],"replies":[{"embeddable":true,"href":"https:\/\/tacuarembo.gub.uy\/index.php?rest_route=%2Fwp%2Fv2%2Fcomments&post=21084"}],"version-history":[{"count":3,"href":"https:\/\/tacuarembo.gub.uy\/index.php?rest_route=\/wp\/v2\/posts\/21084\/revisions"}],"predecessor-version":[{"id":21090,"href":"https:\/\/tacuarembo.gub.uy\/index.php?rest_route=\/wp\/v2\/posts\/21084\/revisions\/21090"}],"wp:featuredmedia":[{"embeddable":true,"href":"https:\/\/tacuarembo.gub.uy\/index.php?rest_route=\/wp\/v2\/media\/21085"}],"wp:attachment":[{"href":"https:\/\/tacuarembo.gub.uy\/index.php?rest_route=%2Fwp%2Fv2%2Fmedia&parent=21084"}],"wp:term":[{"taxonomy":"category","embeddable":true,"href":"https:\/\/tacuarembo.gub.uy\/index.php?rest_route=%2Fwp%2Fv2%2Fcategories&post=21084"},{"taxonomy":"post_tag","embeddable":true,"href":"https:\/\/tacuarembo.gub.uy\/index.php?rest_route=%2Fwp%2Fv2%2Ftags&post=21084"}],"curies":[{"name":"wp","href":"https:\/\/api.w.org\/{rel}","templated":true}]}}