{"id":21076,"date":"2023-07-04T12:16:52","date_gmt":"2023-07-04T15:16:52","guid":{"rendered":"https:\/\/tacuarembo.gub.uy\/?p=21076"},"modified":"2023-07-04T15:49:51","modified_gmt":"2023-07-04T18:49:51","slug":"idt-lanza-concurso-fotografico-para-visualizar-los-oficios-en-el-departamento","status":"publish","type":"post","link":"https:\/\/tacuarembo.gub.uy\/?p=21076","title":{"rendered":"IDT lanza concurso fotogr\u00e1fico para visualizar los oficios en el departamento"},"content":{"rendered":"\n<p>La Direcci\u00f3n de Juventud de la IDT convoca a la cuarta edici\u00f3n del concurso fotogr\u00e1fico que busca conocer, destacar y rescatar a figuras, personajes y labores de Tacuaremb\u00f3.<\/p>\n\n\n\n<p>El Director de Juventud, Camilo Guti\u00e9rrez explic\u00f3 que esta convocatoria naci\u00f3 en pandemia para entretener y proponer actividades para los j\u00f3venes y luego qued\u00f3 instalado.\u201cBuscamos con el concurso, que las fotograf\u00edas tengan a los oficios como principales protagonistas\u201d.<\/p>\n\n\n\n<p>Los j\u00f3venes podr\u00e1n participar mediante la consigna #OFICIOS y deber\u00e1n enfocarse en retratar al trabajador y su entorno, rescatando profesiones que se van perdiendo en el tiempo, como por ejemplo el del zapatero o el del esquilador, agreg\u00f3 Guti\u00e9rrez.<\/p>\n\n\n\n<figure class=\"wp-block-embed is-provider-youtube wp-block-embed-youtube\"><div class=\"wp-block-embed__wrapper\">\n<iframe loading=\"lazy\" title=\"Concurso de Fotografia &quot;Oficios&quot;\" width=\"1080\" height=\"608\" src=\"https:\/\/www.youtube.com\/embed\/BNPY1E9q2To?feature=oembed\" frameborder=\"0\" allow=\"accelerometer; autoplay; clipboard-write; encrypted-media; gyroscope; picture-in-picture; web-share\" referrerpolicy=\"strict-origin-when-cross-origin\" allowfullscreen><\/iframe>\n<\/div><\/figure>\n\n\n\n<p>Por otro lado, se resalta la idea de que participen j\u00f3venes del \u00e1mbito urbano pero tambi\u00e9n del interior y de la campa\u00f1a. \u201cTuvimos la dicha que en las \u00faltimas ediciones los ganadores han sido j\u00f3venes del interior del departamento\u201d. Los premiados a\u00f1os anteriores fueron de las localidades de Piedra Sola, Valle Ed\u00e9n y de Puntas de Cinco Sauces, y esto cumple con el objetivo de la Direcci\u00f3n de Juventud que busca actividades para quienes habitan en el interior del departamento, inform\u00f3 Guti\u00e9rrez.<\/p>\n\n\n\n<p>Los participantes deber\u00e1n enviar fotograf\u00edas in\u00e9ditas y actuales, deber\u00e1n tener entre 14 y 29 a\u00f1os, la imagen podr\u00e1 ser a color o en blanco y negro y con tama\u00f1o no menor a 8 mega pixeles.<\/p>\n\n\n\n<figure class=\"wp-block-image size-large\"><img loading=\"lazy\" decoding=\"async\" width=\"800\" height=\"420\" src=\"https:\/\/tacuarembo.gub.uy\/wp-content\/uploads\/WhatsApp-Image-2023-07-04-at-12.12.49-800x420.jpeg\" alt=\"\" class=\"wp-image-21077\"\/><\/figure>\n\n\n\n<p>La integrante de la Direcci\u00f3n de Juventud, Cyntia Costabel explic\u00f3 que los concursantes podr\u00e1n enviar sus trabajos en dos modalidades, una a trav\u00e9s del n\u00famero de WhatsAPP 091 070 401 y la otra por el mail dir.juventudtbo@gmail.com, en cualquiera de las dos formas se deber\u00e1 adjuntar la imagen, con los datos personales del participante y datos de la persona que fue registrada.<\/p>\n\n\n\n<p>El concurso se abre este martes 4 de julio y finaliza el viernes 21 de julio a las 18 horas, luego de esta fecha y hasta el 31 de julio se podr\u00e1 votar la foto ganadora en las redes sociales de la Direcci\u00f3n de Juventud. Habr\u00e1 cuatro ganadores, dos por voto popular y dos elegidos por un jurado conformado por tres j\u00f3venes relacionados con la fotograf\u00eda: Facundo Correa, Agustina Zllli e Ignacio Terrile.<br>Los premios por voto popular ser\u00e1n de $4.000 para el ganador y $2.500 para el segundo m\u00e1s votado, mientras que los elegidos por el jurado recibir\u00e1n los mismos premios.<\/p>\n\n\n\n<div class=\"wp-block-file\"><a href=\"https:\/\/tacuarembo.gub.uy\/wp-content\/uploads\/bases-2023-CONCURSO-FOTOGRAFICO.docx\" class=\"wp-block-file__button wp-element-button\" download>Descargar Bases<strong><\/strong><\/a><\/div>\n","protected":false},"excerpt":{"rendered":"<p>La Direcci\u00f3n de Juventud de la IDT convoca a la cuarta edici\u00f3n del concurso fotogr\u00e1fico que busca conocer, destacar y rescatar a figuras, personajes y labores de Tacuaremb\u00f3<\/p>\n","protected":false},"author":3,"featured_media":21077,"comment_status":"open","ping_status":"open","sticky":false,"template":"","format":"standard","meta":{"_eb_attr":"","footnotes":""},"categories":[32,16],"tags":[],"class_list":{"0":"post-21076","1":"post","2":"type-post","3":"status-publish","4":"format-standard","5":"has-post-thumbnail","7":"category-juventud","8":"category-noticias"},"_links":{"self":[{"href":"https:\/\/tacuarembo.gub.uy\/index.php?rest_route=\/wp\/v2\/posts\/21076","targetHints":{"allow":["GET"]}}],"collection":[{"href":"https:\/\/tacuarembo.gub.uy\/index.php?rest_route=\/wp\/v2\/posts"}],"about":[{"href":"https:\/\/tacuarembo.gub.uy\/index.php?rest_route=\/wp\/v2\/types\/post"}],"author":[{"embeddable":true,"href":"https:\/\/tacuarembo.gub.uy\/index.php?rest_route=\/wp\/v2\/users\/3"}],"replies":[{"embeddable":true,"href":"https:\/\/tacuarembo.gub.uy\/index.php?rest_route=%2Fwp%2Fv2%2Fcomments&post=21076"}],"version-history":[{"count":2,"href":"https:\/\/tacuarembo.gub.uy\/index.php?rest_route=\/wp\/v2\/posts\/21076\/revisions"}],"predecessor-version":[{"id":21082,"href":"https:\/\/tacuarembo.gub.uy\/index.php?rest_route=\/wp\/v2\/posts\/21076\/revisions\/21082"}],"wp:featuredmedia":[{"embeddable":true,"href":"https:\/\/tacuarembo.gub.uy\/index.php?rest_route=\/wp\/v2\/media\/21077"}],"wp:attachment":[{"href":"https:\/\/tacuarembo.gub.uy\/index.php?rest_route=%2Fwp%2Fv2%2Fmedia&parent=21076"}],"wp:term":[{"taxonomy":"category","embeddable":true,"href":"https:\/\/tacuarembo.gub.uy\/index.php?rest_route=%2Fwp%2Fv2%2Fcategories&post=21076"},{"taxonomy":"post_tag","embeddable":true,"href":"https:\/\/tacuarembo.gub.uy\/index.php?rest_route=%2Fwp%2Fv2%2Ftags&post=21076"}],"curies":[{"name":"wp","href":"https:\/\/api.w.org\/{rel}","templated":true}]}}