{"id":21069,"date":"2023-07-04T09:40:27","date_gmt":"2023-07-04T12:40:27","guid":{"rendered":"https:\/\/tacuarembo.gub.uy\/?p=21069"},"modified":"2023-07-04T09:40:28","modified_gmt":"2023-07-04T12:40:28","slug":"en-estas-vacaciones-de-invierno-la-idt-invita-a-descubrir-el-turismo-de-experiencias","status":"publish","type":"post","link":"https:\/\/tacuarembo.gub.uy\/?p=21069","title":{"rendered":"En estas vacaciones de invierno la IDT invita a descubrir el turismo de experiencias"},"content":{"rendered":"\n<p>La Direcci\u00f3n de Turismo junto con Regi\u00f3n Norte impulsan una campa\u00f1a para disfrutar el turismo de naturaleza en el departamento de Tacuaremb\u00f3 durante estas vacaciones, por su parte el Ministerio de Turismo tambi\u00e9n recomienda sumarse a estas nuevas propuestas y ofertas emergentes en el sector.<\/p>\n\n\n\n<p>El Director General de Turismo de la IDT, Marcelo Crespi inform\u00f3 que el crecimiento del turismo rural con nuevos emprendimientos en el interior del departamento est\u00e1n siendo la atracci\u00f3n de visitantes \u201cnos permiten posicionarnos en un turismo de calidad a nivel nacional\u201d.<\/p>\n\n\n\n<p>M\u00e1s de 20 nuevos emprendedores tur\u00edsticos est\u00e1n ofreciendo sus propuestas a trav\u00e9s de la web www.tacuaremboturismo.gub.uy, donde se promocionan y se puede acceder a sus datos, ubicaciones y costos. Dentro de las propuestas se destacan operadores que tienen servicios de camping entre las sierras, propuestas en poblado Treinta y Tres, Paso Bonilla con equinos y en Batov\u00ed, donde un grupo de padres realiza paseos guiados por el cerro. Tambi\u00e9n se suman otros emprendimientos \u201ccon caba\u00f1as y el sendero del Charr\u00faa en Ca\u00f1as, as\u00ed como en Villa Ansina\u201d, inform\u00f3 Crespi.<\/p>\n\n\n\n<p>Agreg\u00f3 que es notorio el fortalecimiento del turismo en espacios rurales y hay diversidad para quienes residen en el departamento, pero tambi\u00e9n para quienes quieren venir a visitar Tacuaremb\u00f3, \u201ceste crecimiento enorgullece a quienes trabajan en el \u00e1rea porque es una propuesta fuerte para quienes quieren seguir sumandose al sector\u201d.<\/p>\n\n\n\n<p>Adem\u00e1s de la web, la informaci\u00f3n est\u00e1 disponible en las redes sociales Instagram y Facebook de Tacuarembo Turismo, a la que cada vez m\u00e1s acceden turistas extranjeros, muchos de ellos europeos, pero tambi\u00e9n del interior del pa\u00eds, sostuvo Crespi<\/p>\n\n\n<p><img loading=\"lazy\" decoding=\"async\" width=\"2560\" height=\"1707\" class=\"alignnone size-full wp-image-21070\" src=\"https:\/\/tacuarembo.gub.uy\/wp-content\/uploads\/TREN-BANADO-DE-ROCHA-scaled.jpg\" alt=\"\" srcset=\"https:\/\/tacuarembo.gub.uy\/wp-content\/uploads\/TREN-BANADO-DE-ROCHA-scaled.jpg 2560w, https:\/\/tacuarembo.gub.uy\/wp-content\/uploads\/TREN-BANADO-DE-ROCHA-768x512.jpg 768w, https:\/\/tacuarembo.gub.uy\/wp-content\/uploads\/TREN-BANADO-DE-ROCHA-1536x1024.jpg 1536w, https:\/\/tacuarembo.gub.uy\/wp-content\/uploads\/TREN-BANADO-DE-ROCHA-2048x1365.jpg 2048w\" sizes=\"auto, (max-width: 2560px) 100vw, 2560px\" \/> <img loading=\"lazy\" decoding=\"async\" width=\"2560\" height=\"1438\" class=\"alignnone size-full wp-image-21071\" src=\"https:\/\/tacuarembo.gub.uy\/wp-content\/uploads\/VIRGENCITA-scaled.jpg\" alt=\"\" srcset=\"https:\/\/tacuarembo.gub.uy\/wp-content\/uploads\/VIRGENCITA-scaled.jpg 2560w, https:\/\/tacuarembo.gub.uy\/wp-content\/uploads\/VIRGENCITA-768x431.jpg 768w, https:\/\/tacuarembo.gub.uy\/wp-content\/uploads\/VIRGENCITA-1536x863.jpg 1536w, https:\/\/tacuarembo.gub.uy\/wp-content\/uploads\/VIRGENCITA-2048x1150.jpg 2048w\" sizes=\"auto, (max-width: 2560px) 100vw, 2560px\" \/> <img loading=\"lazy\" decoding=\"async\" width=\"2560\" height=\"1707\" class=\"alignnone size-full wp-image-21072\" src=\"https:\/\/tacuarembo.gub.uy\/wp-content\/uploads\/Paisaje-Laureles-06-scaled.jpg\" alt=\"\" srcset=\"https:\/\/tacuarembo.gub.uy\/wp-content\/uploads\/Paisaje-Laureles-06-scaled.jpg 2560w, https:\/\/tacuarembo.gub.uy\/wp-content\/uploads\/Paisaje-Laureles-06-768x512.jpg 768w, https:\/\/tacuarembo.gub.uy\/wp-content\/uploads\/Paisaje-Laureles-06-1536x1024.jpg 1536w, https:\/\/tacuarembo.gub.uy\/wp-content\/uploads\/Paisaje-Laureles-06-2048x1365.jpg 2048w\" sizes=\"auto, (max-width: 2560px) 100vw, 2560px\" \/> <img loading=\"lazy\" decoding=\"async\" width=\"2560\" height=\"1707\" class=\"alignnone size-full wp-image-21073\" src=\"https:\/\/tacuarembo.gub.uy\/wp-content\/uploads\/Estacion-de-Trenes-Laureles-06-scaled.jpg\" alt=\"\" srcset=\"https:\/\/tacuarembo.gub.uy\/wp-content\/uploads\/Estacion-de-Trenes-Laureles-06-scaled.jpg 2560w, https:\/\/tacuarembo.gub.uy\/wp-content\/uploads\/Estacion-de-Trenes-Laureles-06-768x512.jpg 768w, https:\/\/tacuarembo.gub.uy\/wp-content\/uploads\/Estacion-de-Trenes-Laureles-06-1536x1024.jpg 1536w, https:\/\/tacuarembo.gub.uy\/wp-content\/uploads\/Estacion-de-Trenes-Laureles-06-2048x1365.jpg 2048w\" sizes=\"auto, (max-width: 2560px) 100vw, 2560px\" \/> <img loading=\"lazy\" decoding=\"async\" width=\"2560\" height=\"1707\" class=\"alignnone size-full wp-image-21074\" src=\"https:\/\/tacuarembo.gub.uy\/wp-content\/uploads\/CAMINANTES-QUEBRADAS-scaled.jpg\" alt=\"\" srcset=\"https:\/\/tacuarembo.gub.uy\/wp-content\/uploads\/CAMINANTES-QUEBRADAS-scaled.jpg 2560w, https:\/\/tacuarembo.gub.uy\/wp-content\/uploads\/CAMINANTES-QUEBRADAS-768x512.jpg 768w, https:\/\/tacuarembo.gub.uy\/wp-content\/uploads\/CAMINANTES-QUEBRADAS-1536x1024.jpg 1536w, https:\/\/tacuarembo.gub.uy\/wp-content\/uploads\/CAMINANTES-QUEBRADAS-2048x1365.jpg 2048w\" sizes=\"auto, (max-width: 2560px) 100vw, 2560px\" \/><\/p>","protected":false},"excerpt":{"rendered":"<p>La Direcci\u00f3n de Turismo junto con Regi\u00f3n Norte impulsan una campa\u00f1a para disfrutar el turismo de naturaleza en el departamento de Tacuaremb\u00f3 durante estas vacaciones, por su parte el Ministerio de Turismo tambi\u00e9n recomienda sumarse a estas nuevas propuestas y ofertas emergentes en el sector<\/p>\n","protected":false},"author":3,"featured_media":21070,"comment_status":"open","ping_status":"open","sticky":false,"template":"","format":"standard","meta":{"_eb_attr":"","footnotes":""},"categories":[16],"tags":[],"class_list":{"0":"post-21069","1":"post","2":"type-post","3":"status-publish","4":"format-standard","5":"has-post-thumbnail","7":"category-noticias"},"_links":{"self":[{"href":"https:\/\/tacuarembo.gub.uy\/index.php?rest_route=\/wp\/v2\/posts\/21069","targetHints":{"allow":["GET"]}}],"collection":[{"href":"https:\/\/tacuarembo.gub.uy\/index.php?rest_route=\/wp\/v2\/posts"}],"about":[{"href":"https:\/\/tacuarembo.gub.uy\/index.php?rest_route=\/wp\/v2\/types\/post"}],"author":[{"embeddable":true,"href":"https:\/\/tacuarembo.gub.uy\/index.php?rest_route=\/wp\/v2\/users\/3"}],"replies":[{"embeddable":true,"href":"https:\/\/tacuarembo.gub.uy\/index.php?rest_route=%2Fwp%2Fv2%2Fcomments&post=21069"}],"version-history":[{"count":1,"href":"https:\/\/tacuarembo.gub.uy\/index.php?rest_route=\/wp\/v2\/posts\/21069\/revisions"}],"predecessor-version":[{"id":21075,"href":"https:\/\/tacuarembo.gub.uy\/index.php?rest_route=\/wp\/v2\/posts\/21069\/revisions\/21075"}],"wp:featuredmedia":[{"embeddable":true,"href":"https:\/\/tacuarembo.gub.uy\/index.php?rest_route=\/wp\/v2\/media\/21070"}],"wp:attachment":[{"href":"https:\/\/tacuarembo.gub.uy\/index.php?rest_route=%2Fwp%2Fv2%2Fmedia&parent=21069"}],"wp:term":[{"taxonomy":"category","embeddable":true,"href":"https:\/\/tacuarembo.gub.uy\/index.php?rest_route=%2Fwp%2Fv2%2Fcategories&post=21069"},{"taxonomy":"post_tag","embeddable":true,"href":"https:\/\/tacuarembo.gub.uy\/index.php?rest_route=%2Fwp%2Fv2%2Ftags&post=21069"}],"curies":[{"name":"wp","href":"https:\/\/api.w.org\/{rel}","templated":true}]}}