{"id":21063,"date":"2023-06-30T20:12:37","date_gmt":"2023-06-30T23:12:37","guid":{"rendered":"https:\/\/tacuarembo.gub.uy\/?p=21063"},"modified":"2023-06-30T20:12:37","modified_gmt":"2023-06-30T23:12:37","slug":"avanza-la-digitalizacion-de-publicaciones-historicas-de-tacuarembo-en-conjunto-con-la-idt-y-la-biblioteca-nacional","status":"publish","type":"post","link":"https:\/\/tacuarembo.gub.uy\/?p=21063","title":{"rendered":"Avanza la digitalizaci\u00f3n de publicaciones hist\u00f3ricas de Tacuaremb\u00f3 en conjunto con la IDT y la Biblioteca Nacional"},"content":{"rendered":"\n<p>El Proyecto de Digitalizaci\u00f3n que lleva adelante la Direcci\u00f3n General de Educaci\u00f3n y Cultura de Tacuaremb\u00f3 en conjunto con la Biblioteca Nacional busca recabar publicaciones hist\u00f3ricas de peri\u00f3dicos, fotograf\u00edas y archivos de momentos importantes del departamento y ocurridos en los siglos XIX y XX.<\/p>\n\n\n\n<p>La digitalizaci\u00f3n permite mostrar, dar a conocer, difundir m\u00e1s r\u00e1pido y tambi\u00e9n que personas de todo el pa\u00eds y el mundo puedan acceder ilimitadamente al archivo de Tacuaremb\u00f3.<\/p>\n\n\n\n<p>El Director Gral. de Educaci\u00f3n y Cultura de la IDT, Carlos Arezo present\u00f3 los avances y cont\u00f3 c\u00f3mo es el proceso de digitalizaci\u00f3n de las publicaciones, \u00abno estaban en Tacuaremb\u00f3, estos ejemplares por obligaci\u00f3n estaban en Montevideo\u00bb, y seg\u00fan lo manifestado desde la Biblioteca Nacional \u00aben la capital no hay tiempo para avanzar en la digitalizaci\u00f3n\u00bb. Por este motivo, se acord\u00f3 la compra de un esc\u00e1ner para apresurar la tarea y ahora se est\u00e1 realizando en la Sede del Archivo Departamental.<\/p>\n\n\n\n<p>El procedimiento comenz\u00f3 el a\u00f1o pasado, \u201cvimos que las publicaciones hay que ir a buscarlas, porque son \u00fanicas, vienen en veh\u00edculos y desde ac\u00e1 se procesan\u00bb, sostuvo Arezo.<\/p>\n\n\n\n<p>Explic\u00f3 que, este proceso va cambiando cada dos o tres meses, \u00abviene el material, se escanea y se devuelve, eso nos va a dar un archivo impresionante de lo que eran las publicaciones de esa \u00e9poca\u00bb.<\/p>\n\n\n\n<p>Entre los archivos hay peri\u00f3dicos de 1870, 1880, principios del siglo XX y la Biblioteca Nacional realiz\u00f3 convenios con instituciones de diversos departamentos para que se realicen estas digitalizaciones a nivel pa\u00eds.<\/p>\n\n\n\n<p>Adem\u00e1s, en todo este tiempo el Archivo Departamental a trav\u00e9s del trabajo de la fot\u00f3grafa Raquel L\u00f3pez, logr\u00f3 un respaldo, \u00abhoy hemos logrado tener un archivo de casi 6 mil fotos digitalizadas\u00bb, las mismas son aportes de vecinos, resalt\u00f3 Arezo. As\u00ed mismo, hizo un llamado a quienes tengan fotos antiguas de eventos importantes, familias, actos patri\u00f3ticos del departamento a que los acerquen para digitalizarlos, \u00abporque eso es la base de la memoria, su rescate\u00bb.<\/p>\n\n\n\n<p>Desde la IDT se decidi\u00f3 darle m\u00e1s dedicaci\u00f3n de trabajo a este programa y por esto se sum\u00f3 una persona m\u00e1s al equipo. La funcionar\u00eda ser\u00e1 trasladada desde la Direcci\u00f3n Gral. de Cultura al Archivo General. Es una tarea que llevar\u00e1 tres a\u00f1os y por eso desde la Intendencia se decidi\u00f3 que se realice en doble horario para recuperar la memoria del departamento.<\/p>\n\n\n\n\t\t<style type=\"text\/css\">\n\t\t\t#gallery-1 {\n\t\t\t\tmargin: auto;\n\t\t\t}\n\t\t\t#gallery-1 .gallery-item {\n\t\t\t\tfloat: left;\n\t\t\t\tmargin-top: 10px;\n\t\t\t\ttext-align: center;\n\t\t\t\twidth: 33%;\n\t\t\t}\n\t\t\t#gallery-1 img {\n\t\t\t\tborder: 2px solid #cfcfcf;\n\t\t\t}\n\t\t\t#gallery-1 .gallery-caption {\n\t\t\t\tmargin-left: 0;\n\t\t\t}\n\t\t\t\/* see gallery_shortcode() in wp-includes\/media.php *\/\n\t\t<\/style>\n\t\t<div id='gallery-1' class='gallery galleryid-21063 gallery-columns-3 gallery-size-thumbnail'><dl class='gallery-item'>\n\t\t\t<dt class='gallery-icon landscape'>\n\t\t\t\t<a href='https:\/\/tacuarembo.gub.uy\/?attachment_id=21064'><img loading=\"lazy\" decoding=\"async\" width=\"200\" height=\"140\" src=\"https:\/\/tacuarembo.gub.uy\/wp-content\/uploads\/IMG-20230630-WA0034-200x140.jpg\" class=\"attachment-thumbnail size-thumbnail\" alt=\"\" \/><\/a>\n\t\t\t<\/dt><\/dl><dl class='gallery-item'>\n\t\t\t<dt class='gallery-icon landscape'>\n\t\t\t\t<a href='https:\/\/tacuarembo.gub.uy\/?attachment_id=21065'><img loading=\"lazy\" decoding=\"async\" width=\"200\" height=\"140\" src=\"https:\/\/tacuarembo.gub.uy\/wp-content\/uploads\/IMG-20230630-WA0033-200x140.jpg\" class=\"attachment-thumbnail size-thumbnail\" alt=\"\" \/><\/a>\n\t\t\t<\/dt><\/dl><dl class='gallery-item'>\n\t\t\t<dt class='gallery-icon landscape'>\n\t\t\t\t<a href='https:\/\/tacuarembo.gub.uy\/?attachment_id=21066'><img loading=\"lazy\" decoding=\"async\" width=\"200\" height=\"140\" src=\"https:\/\/tacuarembo.gub.uy\/wp-content\/uploads\/IMG-20230630-WA0035-200x140.jpg\" class=\"attachment-thumbnail size-thumbnail\" alt=\"\" \/><\/a>\n\t\t\t<\/dt><\/dl><br style=\"clear: both\" \/>\n\t\t<\/div>\n","protected":false},"excerpt":{"rendered":"<p>El Proyecto de Digitalizaci\u00f3n que lleva adelante la Direcci\u00f3n General de Educaci\u00f3n y Cultura de Tacuaremb\u00f3 en conjunto con la Biblioteca Nacional busca recabar publicaciones hist\u00f3ricas de peri\u00f3dicos, fotograf\u00edas y archivos de momentos importantes del departamento y ocurridos en los siglos XIX y XX.<\/p>\n","protected":false},"author":3,"featured_media":21066,"comment_status":"open","ping_status":"open","sticky":false,"template":"","format":"standard","meta":{"_eb_attr":"","footnotes":""},"categories":[18,16],"tags":[],"class_list":{"0":"post-21063","1":"post","2":"type-post","3":"status-publish","4":"format-standard","5":"has-post-thumbnail","7":"category-cultura","8":"category-noticias"},"_links":{"self":[{"href":"https:\/\/tacuarembo.gub.uy\/index.php?rest_route=\/wp\/v2\/posts\/21063","targetHints":{"allow":["GET"]}}],"collection":[{"href":"https:\/\/tacuarembo.gub.uy\/index.php?rest_route=\/wp\/v2\/posts"}],"about":[{"href":"https:\/\/tacuarembo.gub.uy\/index.php?rest_route=\/wp\/v2\/types\/post"}],"author":[{"embeddable":true,"href":"https:\/\/tacuarembo.gub.uy\/index.php?rest_route=\/wp\/v2\/users\/3"}],"replies":[{"embeddable":true,"href":"https:\/\/tacuarembo.gub.uy\/index.php?rest_route=%2Fwp%2Fv2%2Fcomments&post=21063"}],"version-history":[{"count":1,"href":"https:\/\/tacuarembo.gub.uy\/index.php?rest_route=\/wp\/v2\/posts\/21063\/revisions"}],"predecessor-version":[{"id":21067,"href":"https:\/\/tacuarembo.gub.uy\/index.php?rest_route=\/wp\/v2\/posts\/21063\/revisions\/21067"}],"wp:featuredmedia":[{"embeddable":true,"href":"https:\/\/tacuarembo.gub.uy\/index.php?rest_route=\/wp\/v2\/media\/21066"}],"wp:attachment":[{"href":"https:\/\/tacuarembo.gub.uy\/index.php?rest_route=%2Fwp%2Fv2%2Fmedia&parent=21063"}],"wp:term":[{"taxonomy":"category","embeddable":true,"href":"https:\/\/tacuarembo.gub.uy\/index.php?rest_route=%2Fwp%2Fv2%2Fcategories&post=21063"},{"taxonomy":"post_tag","embeddable":true,"href":"https:\/\/tacuarembo.gub.uy\/index.php?rest_route=%2Fwp%2Fv2%2Ftags&post=21063"}],"curies":[{"name":"wp","href":"https:\/\/api.w.org\/{rel}","templated":true}]}}