{"id":21017,"date":"2023-06-27T23:42:50","date_gmt":"2023-06-28T02:42:50","guid":{"rendered":"https:\/\/tacuarembo.gub.uy\/?p=21017"},"modified":"2023-06-28T19:51:04","modified_gmt":"2023-06-28T22:51:04","slug":"escolares-de-cinco-sauces-ganan-primer-premio-en-concurso-de-concientizacion-sobre-el-medio-ambiente-organizado-por-la-idt","status":"publish","type":"post","link":"https:\/\/tacuarembo.gub.uy\/?p=21017","title":{"rendered":"Escolares de Cinco Sauces y los Rosano junto a liceales de Paso de los Toros ganaron el parlante amplificado, la regadera y el kit de trabajo para la huerta, premios principales, en el concurso de concientizaci\u00f3n, sobre el medio ambiente organizado por la IDT, las dem\u00e1s instituciones que se sumaron ganaron un kit de semillas"},"content":{"rendered":"\n<p>De esta manera rectificamos el destaque informado inicialmente y se\u00f1alamos que la instancia final se realiz\u00f3 en la Escuela 31 de Cerro de Batovi con un paseo did\u00e1ctico por un establecimiento rural de la localidad. Desde la Direcci\u00f3n de Ambiente se agradeci\u00f3 el apoyo que brind\u00f3 este centro; que junto a todos los participantes recibieron un certificado de agradecimiento por la participaci\u00f3n y la difusi\u00f3n que realizan en el cuidado del ambiente.<br>Primer premio Escuela 48 de Cinco Sauces, (Parlante)<br>Segundo premio Liceo 2 de Paso de los Toros. (Regadera)<br>Tercer premio Escuela 47 de Los Rosano. (Kit de trabajo para la huerta)<br>Colabor\u00f3 en el sorteo Betina Da Cunha de Cultura Cient\u00edfica del MEC que se sum\u00f3 en el apoyo en las recorridas realizadas por los diferentes centros educativos.<br>El concurso se enmarc\u00f3 en el D\u00eda Mundial del Medio Ambiente y tuvo como objetivo la participaci\u00f3n de escolares y liceales para formar conciencia sobre la problem\u00e1tica y generar acciones para un correcto cuidado ambiental.<br>El Director Gral. de Ambiente de la IDT, Jorge Castelli explic\u00f3 que junto con el Programa \u201cCultura Cient\u00edfica\u201d del MEC se invit\u00f3 a los centros educativos del departamento a mostrar mediante audiovisuales o fotograf\u00edas como trabajan la tem\u00e1tica medioambiental y el reciclaje.<br>Agreg\u00f3 que la convocatoria reuni\u00f3 trabajos de \u201cm\u00e1s de 30 centros educativos de Tacuaremb\u00f3, entre ellos escuelas, caif, jardines y liceos\u201d, que compartieron trabajos sobre clasificaci\u00f3n de residuos secos y h\u00famedos y como lo practican en sus hogares.<br>Castelli explic\u00f3 que, desde la Direcci\u00f3n General de Ambiente est\u00e1n recorriendo centros educativos, \u201clos chiquilines se interesan por la econom\u00eda circular, por el reciclaje en el futuro y por aprender pr\u00e1cticas para recuperar residuos\u201d. Inform\u00f3 que se intenta explicar \u201cque se hace con los pl\u00e1sticos, vidrios y pilas\u201d para aportar al destino correcto de estos residuos, aportando informaci\u00f3n para trabajar en conjunto con las familias y la IDT, anim\u00e1ndose a tomar acciones.<\/p>\n\n\n\n\t\t<style type=\"text\/css\">\n\t\t\t#gallery-1 {\n\t\t\t\tmargin: auto;\n\t\t\t}\n\t\t\t#gallery-1 .gallery-item {\n\t\t\t\tfloat: left;\n\t\t\t\tmargin-top: 10px;\n\t\t\t\ttext-align: center;\n\t\t\t\twidth: 33%;\n\t\t\t}\n\t\t\t#gallery-1 img {\n\t\t\t\tborder: 2px solid #cfcfcf;\n\t\t\t}\n\t\t\t#gallery-1 .gallery-caption {\n\t\t\t\tmargin-left: 0;\n\t\t\t}\n\t\t\t\/* see gallery_shortcode() in wp-includes\/media.php *\/\n\t\t<\/style>\n\t\t<div id='gallery-1' class='gallery galleryid-21017 gallery-columns-3 gallery-size-thumbnail'><dl class='gallery-item'>\n\t\t\t<dt class='gallery-icon landscape'>\n\t\t\t\t<a href='https:\/\/tacuarembo.gub.uy\/?attachment_id=21018'><img loading=\"lazy\" decoding=\"async\" width=\"200\" height=\"140\" src=\"https:\/\/tacuarembo.gub.uy\/wp-content\/uploads\/IMG-20230627-WA0080-200x140.jpg\" class=\"attachment-thumbnail size-thumbnail\" alt=\"\" \/><\/a>\n\t\t\t<\/dt><\/dl><dl class='gallery-item'>\n\t\t\t<dt class='gallery-icon portrait'>\n\t\t\t\t<a href='https:\/\/tacuarembo.gub.uy\/?attachment_id=21019'><img loading=\"lazy\" decoding=\"async\" width=\"200\" height=\"140\" src=\"https:\/\/tacuarembo.gub.uy\/wp-content\/uploads\/IMG-20230627-WA0081-200x140.jpg\" class=\"attachment-thumbnail size-thumbnail\" alt=\"\" \/><\/a>\n\t\t\t<\/dt><\/dl><dl class='gallery-item'>\n\t\t\t<dt class='gallery-icon landscape'>\n\t\t\t\t<a href='https:\/\/tacuarembo.gub.uy\/?attachment_id=21020'><img loading=\"lazy\" decoding=\"async\" width=\"200\" height=\"140\" src=\"https:\/\/tacuarembo.gub.uy\/wp-content\/uploads\/IMG-20230627-WA0082-200x140.jpg\" class=\"attachment-thumbnail size-thumbnail\" alt=\"\" \/><\/a>\n\t\t\t<\/dt><\/dl><br style=\"clear: both\" \/><dl class='gallery-item'>\n\t\t\t<dt class='gallery-icon landscape'>\n\t\t\t\t<a href='https:\/\/tacuarembo.gub.uy\/?attachment_id=21021'><img loading=\"lazy\" decoding=\"async\" width=\"200\" height=\"140\" src=\"https:\/\/tacuarembo.gub.uy\/wp-content\/uploads\/IMG-20230627-WA0083-200x140.jpg\" class=\"attachment-thumbnail size-thumbnail\" alt=\"\" \/><\/a>\n\t\t\t<\/dt><\/dl><dl class='gallery-item'>\n\t\t\t<dt class='gallery-icon landscape'>\n\t\t\t\t<a href='https:\/\/tacuarembo.gub.uy\/?attachment_id=21022'><img loading=\"lazy\" decoding=\"async\" width=\"200\" height=\"140\" src=\"https:\/\/tacuarembo.gub.uy\/wp-content\/uploads\/IMG-20230627-WA0084-200x140.jpg\" class=\"attachment-thumbnail size-thumbnail\" alt=\"\" \/><\/a>\n\t\t\t<\/dt><\/dl><dl class='gallery-item'>\n\t\t\t<dt class='gallery-icon landscape'>\n\t\t\t\t<a href='https:\/\/tacuarembo.gub.uy\/?attachment_id=21023'><img loading=\"lazy\" decoding=\"async\" width=\"200\" height=\"140\" src=\"https:\/\/tacuarembo.gub.uy\/wp-content\/uploads\/IMG-20230627-WA0085-200x140.jpg\" class=\"attachment-thumbnail size-thumbnail\" alt=\"\" \/><\/a>\n\t\t\t<\/dt><\/dl><br style=\"clear: both\" \/><dl class='gallery-item'>\n\t\t\t<dt class='gallery-icon landscape'>\n\t\t\t\t<a href='https:\/\/tacuarembo.gub.uy\/?attachment_id=21024'><img loading=\"lazy\" decoding=\"async\" width=\"200\" height=\"140\" src=\"https:\/\/tacuarembo.gub.uy\/wp-content\/uploads\/IMG-20230627-WA0086-200x140.jpg\" class=\"attachment-thumbnail size-thumbnail\" alt=\"\" \/><\/a>\n\t\t\t<\/dt><\/dl><dl class='gallery-item'>\n\t\t\t<dt class='gallery-icon landscape'>\n\t\t\t\t<a href='https:\/\/tacuarembo.gub.uy\/?attachment_id=21025'><img loading=\"lazy\" decoding=\"async\" width=\"200\" height=\"140\" src=\"https:\/\/tacuarembo.gub.uy\/wp-content\/uploads\/IMG-20230627-WA0087-200x140.jpg\" class=\"attachment-thumbnail size-thumbnail\" alt=\"\" \/><\/a>\n\t\t\t<\/dt><\/dl>\n\t\t\t<br style='clear: both' \/>\n\t\t<\/div>\n","protected":false},"excerpt":{"rendered":"<p>De esta manera rectificamos el destaque informado inicialmente y se\u00f1alamos que la instancia final se realiz\u00f3 en la Escuela 31 de Cerro de Batovi con un paseo did\u00e1ctico por un establecimiento rural de la localidad<\/p>\n","protected":false},"author":3,"featured_media":21024,"comment_status":"open","ping_status":"open","sticky":false,"template":"","format":"standard","meta":{"_eb_attr":"","footnotes":""},"categories":[16],"tags":[],"class_list":{"0":"post-21017","1":"post","2":"type-post","3":"status-publish","4":"format-standard","5":"has-post-thumbnail","7":"category-noticias"},"_links":{"self":[{"href":"https:\/\/tacuarembo.gub.uy\/index.php?rest_route=\/wp\/v2\/posts\/21017","targetHints":{"allow":["GET"]}}],"collection":[{"href":"https:\/\/tacuarembo.gub.uy\/index.php?rest_route=\/wp\/v2\/posts"}],"about":[{"href":"https:\/\/tacuarembo.gub.uy\/index.php?rest_route=\/wp\/v2\/types\/post"}],"author":[{"embeddable":true,"href":"https:\/\/tacuarembo.gub.uy\/index.php?rest_route=\/wp\/v2\/users\/3"}],"replies":[{"embeddable":true,"href":"https:\/\/tacuarembo.gub.uy\/index.php?rest_route=%2Fwp%2Fv2%2Fcomments&post=21017"}],"version-history":[{"count":3,"href":"https:\/\/tacuarembo.gub.uy\/index.php?rest_route=\/wp\/v2\/posts\/21017\/revisions"}],"predecessor-version":[{"id":21043,"href":"https:\/\/tacuarembo.gub.uy\/index.php?rest_route=\/wp\/v2\/posts\/21017\/revisions\/21043"}],"wp:featuredmedia":[{"embeddable":true,"href":"https:\/\/tacuarembo.gub.uy\/index.php?rest_route=\/wp\/v2\/media\/21024"}],"wp:attachment":[{"href":"https:\/\/tacuarembo.gub.uy\/index.php?rest_route=%2Fwp%2Fv2%2Fmedia&parent=21017"}],"wp:term":[{"taxonomy":"category","embeddable":true,"href":"https:\/\/tacuarembo.gub.uy\/index.php?rest_route=%2Fwp%2Fv2%2Fcategories&post=21017"},{"taxonomy":"post_tag","embeddable":true,"href":"https:\/\/tacuarembo.gub.uy\/index.php?rest_route=%2Fwp%2Fv2%2Ftags&post=21017"}],"curies":[{"name":"wp","href":"https:\/\/api.w.org\/{rel}","templated":true}]}}