{"id":21015,"date":"2023-06-27T21:46:22","date_gmt":"2023-06-28T00:46:22","guid":{"rendered":"https:\/\/tacuarembo.gub.uy\/?p=21015"},"modified":"2023-07-07T18:03:42","modified_gmt":"2023-07-07T21:03:42","slug":"expertos-recomendaron-reconocer-el-problema-generar-conciencia-y-no-consumir-en-el-simposio-hablemos-de-adicciones","status":"publish","type":"post","link":"https:\/\/tacuarembo.gub.uy\/?p=21015","title":{"rendered":"Expertos recomendaron reconocer el problema, generar conciencia y no consumir en el simposio \u00abHablemos de Adicciones\u00bb"},"content":{"rendered":"\n<p>El encuentro fue articulado por la Intendencia de Tacuaremb\u00f3, a trav\u00e9s de las Direcciones de Juventud y Deporte. Se trat\u00f3 de una actividad orientada a poner el tema sobre la mesa y concientizar sobre esta problem\u00e1tica social.<br>La instancia se desarroll\u00f3 en el Complejo Barrio Amor\u00edn con un buen marco de p\u00fablico que escuch\u00f3 atentamente los aportes de la maestra y experta en Adicciones y Pol\u00edticas P\u00fablicas, Araceli Tu\u00f1\u00f3n; la licenciada y referente del Dispositivo Ciudadela de la Junta Nacional de Drogas (JND), Patricia Vassallucci, el psiquiatra y encargado del Proyecto del Centro de Adicciones de Tacuaremb\u00f3, Ricardo Castelli, as\u00ed como el valioso testimonio Ismael Pi\u00f1ero, adicto en rehabilitaci\u00f3n, operador terap\u00e9utico en adicciones y director del Programa Ser Libre.<\/p>\n\n\n\n<p>El D\u00eda Internacional de la Lucha contra el Uso Indebido y el Tr\u00e1fico Il\u00edcito de Drogas se conmemora cada 26 de junio, es tambi\u00e9n conocido como el D\u00eda Mundial contra las drogas y a\u00f1o a a\u00f1o se intentan reforzar acciones de prevenci\u00f3n enfatizando en la necesidad de avanzar en la comprensi\u00f3n y conocimiento de esta problem\u00e1tica.<\/p>\n\n\n\n<p>El especialista Ricardo Castelli dio apertura al simposio y sostuvo que cada vez hay m\u00e1s problemas vinculados a las adicciones, como por ejemplo la adicci\u00f3n al trabajo que repercute en la familia, las drogas sint\u00e9ticas y el alcohol, entre otras, agreg\u00f3 que \u201clas sustancias qu\u00edmicas que afectan el cuerpo y mente son enfermedades evitables\u201d. Las drogas generan una dependencia al empezar a consumirlas, \u201cdebemos saber que las adicciones son evitables, conociendo su riesgo es posible hacerlo con moderaci\u00f3n\u201d.<\/p>\n\n\n\n<p>Por su parte la psic\u00f3loga Patricia Vassallucci expuso sobre el Dispositivo \u201cCiudadela\u201d perteneciente a la Junta Nacional de Drogas y que tiene como cometido ser un centro de diagn\u00f3stico, tratamiento y derivaci\u00f3n para quienes consumen drogas.<br>En la capital del departamento hay uno ya instalado y existen m\u00e1s de 25 en todo el pa\u00eds, est\u00e1n conformados por equipos t\u00e9cnicos, abiertos a todo p\u00fablico y cuentan con acceso gratuito para usuarios de ASSE y COMTA.<br>Vassallucci sostuvo que \u201ccuando hablamos de adicciones nos referimos a drogas legales e ilegales, porque a veces se piensa solo en ilegales como la pasta base, pero tambi\u00e9n hay consumo de alcohol y marihuana\u201d. Esta \u00faltima suele ser la droga por la que comienzan a tener contacto y consumir los adolescentes.<\/p>\n\n\n\n<p>En tanto, la maestra y experta en Adicciones y Pol\u00edticas P\u00fablicas, Araceli Tu\u00f1\u00f3n abord\u00f3 la tem\u00e1tica explicando los factores de riesgo personales \u201cpor lo general se ven en la adolescencia, donde comienzan las adicciones\u201d. Los adolescentes tienen dificultades para la regulaci\u00f3n de la impulsividad, as\u00ed como tambi\u00e9n para \u201ctolerar l\u00edmites, reglas, normas y leyes, impuestas por parte de familiares, y maestros\u201d. Sostuvo que estos tratamientos o talleres dar\u00e1n herramientas para manejar adecuadamente todos estos factores.<\/p>\n\n\n\n<p>El \u00faltimo orador del simposio fue Ismael Pi\u00f1ero, adicto en recuperaci\u00f3n, operador terap\u00e9utico en adicciones y director del Programa Ser Libre que desde su vivencia personal inform\u00f3 sobre los distintos consumos, como medicinales, recreativos y problem\u00e1ticos, defini\u00f3 a las drogas como \u201csustancias t\u00f3xicas, que genera adicci\u00f3n\u201d, no es lo mismo una persona bajo los efectos de estas sustancias porque que generan cambios de conductas en contacto con el cuerpo humano.<\/p>\n\n\n\n<p>Agreg\u00f3 que \u201chay seres humanos y me incluyo que no tenemos condiciones para consumir\u201d, porque no se tiene las condiciones para manejar el consumo y se pierde el control afectando cada \u00e1rea de su vida. Desde su posici\u00f3n sugiri\u00f3 que esas personas reconozcan el problema, generen conciencia y no consuman.<\/p>\n\n\n\n<p>Pi\u00f1eiro cerr\u00f3 el encuentro con un gran aplauso y haciendo hincapi\u00e9 en este aporte a todos los tacuaremboenses.<\/p>\n\n\n\n<p>En tanto, cabe recordar que el pasado fin de semana y en el marco de este d\u00eda tambi\u00e9n tuvo lugar una gran bicicleteada que reuni\u00f3 a vecinos e instituciones por esta misma causa. Los participantes partieron desde la Plaza de Deportes y recorrieron las calles de Tacuaremb\u00f3 como forma de dar visibilidad al tema.<\/p>\n\n\n\n<figure class=\"wp-block-embed is-provider-youtube wp-block-embed-youtube\"><div class=\"wp-block-embed__wrapper\">\n<iframe loading=\"lazy\" title=\"Simposio &quot;Hablemos de Drogas&quot; 26 de junio 2023\" width=\"1080\" height=\"608\" src=\"https:\/\/www.youtube.com\/embed\/ezKU0v4j2Cs?feature=oembed\" frameborder=\"0\" allow=\"accelerometer; autoplay; clipboard-write; encrypted-media; gyroscope; picture-in-picture; web-share\" referrerpolicy=\"strict-origin-when-cross-origin\" allowfullscreen><\/iframe>\n<\/div><\/figure>\n","protected":false},"excerpt":{"rendered":"<p>El encuentro fue articulado por la Intendencia de Tacuaremb\u00f3, a trav\u00e9s de las Direcciones de Juventud y Deporte. Se trat\u00f3 de una actividad orientada a poner el tema sobre la mesa y concientizar sobre esta problem\u00e1tica social<\/p>\n","protected":false},"author":3,"featured_media":20996,"comment_status":"open","ping_status":"open","sticky":false,"template":"","format":"standard","meta":{"_eb_attr":"","footnotes":""},"categories":[31,32,16],"tags":[],"class_list":{"0":"post-21015","1":"post","2":"type-post","3":"status-publish","4":"format-standard","5":"has-post-thumbnail","7":"category-deportes","8":"category-juventud","9":"category-noticias"},"_links":{"self":[{"href":"https:\/\/tacuarembo.gub.uy\/index.php?rest_route=\/wp\/v2\/posts\/21015","targetHints":{"allow":["GET"]}}],"collection":[{"href":"https:\/\/tacuarembo.gub.uy\/index.php?rest_route=\/wp\/v2\/posts"}],"about":[{"href":"https:\/\/tacuarembo.gub.uy\/index.php?rest_route=\/wp\/v2\/types\/post"}],"author":[{"embeddable":true,"href":"https:\/\/tacuarembo.gub.uy\/index.php?rest_route=\/wp\/v2\/users\/3"}],"replies":[{"embeddable":true,"href":"https:\/\/tacuarembo.gub.uy\/index.php?rest_route=%2Fwp%2Fv2%2Fcomments&post=21015"}],"version-history":[{"count":3,"href":"https:\/\/tacuarembo.gub.uy\/index.php?rest_route=\/wp\/v2\/posts\/21015\/revisions"}],"predecessor-version":[{"id":21028,"href":"https:\/\/tacuarembo.gub.uy\/index.php?rest_route=\/wp\/v2\/posts\/21015\/revisions\/21028"}],"wp:featuredmedia":[{"embeddable":true,"href":"https:\/\/tacuarembo.gub.uy\/index.php?rest_route=\/wp\/v2\/media\/20996"}],"wp:attachment":[{"href":"https:\/\/tacuarembo.gub.uy\/index.php?rest_route=%2Fwp%2Fv2%2Fmedia&parent=21015"}],"wp:term":[{"taxonomy":"category","embeddable":true,"href":"https:\/\/tacuarembo.gub.uy\/index.php?rest_route=%2Fwp%2Fv2%2Fcategories&post=21015"},{"taxonomy":"post_tag","embeddable":true,"href":"https:\/\/tacuarembo.gub.uy\/index.php?rest_route=%2Fwp%2Fv2%2Ftags&post=21015"}],"curies":[{"name":"wp","href":"https:\/\/api.w.org\/{rel}","templated":true}]}}